{"id":5537,"date":"2026-03-08T06:26:15","date_gmt":"2026-03-08T06:26:15","guid":{"rendered":"https:\/\/fr.colaw.uobaghdad.edu.iq\/?p=5537"},"modified":"2026-03-08T06:26:15","modified_gmt":"2026-03-08T06:26:15","slug":"la-faculte-de-droit-discute-un-memoire-de-master-intitule-le-principe-de-linterdiction-de-la-discrimination-durable-et-ses-applications-dans-le-droit-administratif-irakien-la-femme","status":"publish","type":"post","link":"https:\/\/fr.colaw.uobaghdad.edu.iq\/?p=5537","title":{"rendered":"La Facult\u00e9 de droit discute un m\u00e9moire de master intitul\u00e9 : \u00ab Le principe de l\u2019interdiction de la discrimination durable et ses applications dans le droit administratif irakien : la femme et les minorit\u00e9s comme mod\u00e8le \u00bb"},"content":{"rendered":"<p style=\"text-align: justify;\"><span style=\"font-family: 'Times New Roman'; font-size: 18px;\"><strong>La Facult\u00e9 de droit de l\u2019Universit\u00e9 de Bagdad a discut\u00e9 un m\u00e9moire de master intitul\u00e9 : \u00ab Le principe d\u2019interdiction de la discrimination durable et ses applications dans le droit administratif irakien : les femmes et les minorit\u00e9s comme mod\u00e8le \u00bb, pr\u00e9sent\u00e9 par l\u2019\u00e9tudiante Iman Kazem Jabbar, au sein de la section de droit public, le mercredi 25 f\u00e9vrier 2026.<\/strong><\/span><\/p>\n<p style=\"text-align: justify;\"><span style=\"font-family: 'Times New Roman'; font-size: 18px;\"><strong>Le m\u00e9moire vise \u00e0 montrer l\u2019importance du principe d\u2019interdiction de la discrimination dans les instruments internationaux et les l\u00e9gislations nationales, \u00e0 travers la promotion de l\u2019\u00e9galit\u00e9 entre les sexes et la protection des groupes marginalis\u00e9s, notamment les femmes et les minorit\u00e9s.<\/strong><\/span><\/p>\n<p style=\"text-align: justify;\"><span style=\"font-family: 'Times New Roman'; font-size: 18px;\"><strong>Le m\u00e9moire est structur\u00e9 en trois chapitres portant sur : le concept du principe d\u2019interdiction de la discrimination et son lien avec le d\u00e9veloppement durable, son fondement juridique, ainsi que les m\u00e9canismes de sa mise en \u0153uvre.<\/strong><\/span><\/p>\n<p style=\"text-align: justify;\"><span style=\"font-family: 'Times New Roman'; font-size: 18px;\"><strong>L\u2019\u00e9tude a formul\u00e9 plusieurs recommandations, dont les plus importantes sont :<\/strong><\/span><br \/>\n<span style=\"font-family: 'Times New Roman'; font-size: 18px;\"><strong>\u2022 l\u2019amendement de l\u2019article 14 de la Constitution irakienne de 2005 afin d\u2019y int\u00e9grer le principe d\u2019interdiction durable de la discrimination.<\/strong><\/span><br \/>\n<span style=\"font-family: 'Times New Roman'; font-size: 18px;\"><strong>\u2022 l\u2019\u00e9laboration d\u2019un code sp\u00e9cial regroupant les l\u00e9gislations relatives aux femmes.<\/strong><\/span><br \/>\n<span style=\"font-family: 'Times New Roman'; font-size: 18px;\"><strong>\u2022 la cr\u00e9ation de juridictions sp\u00e9cialis\u00e9es ou la formation de juges pour traiter les affaires de discrimination dans le secteur public.<\/strong><\/span><\/p>\n","protected":false},"excerpt":{"rendered":"<p>La Facult\u00e9 de droit de l\u2019Universit\u00e9 de Bagdad a discut\u00e9 un m\u00e9moire de master intitul\u00e9 : \u00ab Le principe d\u2019interdiction &#8230; <a class=\"cz_readmore cz_readmore_no_icon\" href=\"https:\/\/fr.colaw.uobaghdad.edu.iq\/?p=5537\"><span>more<\/span><\/a><\/p>\n","protected":false},"author":133,"featured_media":5539,"comment_status":"closed","ping_status":"open","sticky":false,"template":"","format":"standard","meta":{"_lmt_disableupdate":"","_lmt_disable":"","footnotes":""},"categories":[7,11],"tags":[],"class_list":["post-5537","post","type-post","status-publish","format-standard","has-post-thumbnail","hentry","category-activites-de-la-branche-de-droit-public","category-actualites"],"yoast_head":"<!-- This site is optimized with the Yoast SEO plugin v25.8 - https:\/\/yoast.com\/wordpress\/plugins\/seo\/ -->\n<title>La Facult\u00e9 de droit discute un m\u00e9moire de master intitul\u00e9 : \u00ab Le principe de l\u2019interdiction de la discrimination durable et ses applications dans le droit administratif irakien : la femme et les minorit\u00e9s comme mod\u00e8le \u00bb - Facult\u00e9 de droit<\/title>\n<meta name=\"robots\" content=\"index, follow, max-snippet:-1, max-image-preview:large, max-video-preview:-1\" \/>\n<link rel=\"canonical\" href=\"https:\/\/fr.colaw.uobaghdad.edu.iq\/?p=5537\" \/>\n<meta property=\"og:locale\" content=\"en_US\" \/>\n<meta property=\"og:type\" content=\"article\" \/>\n<meta property=\"og:title\" content=\"La Facult\u00e9 de droit discute un m\u00e9moire de master intitul\u00e9 : \u00ab Le principe de l\u2019interdiction de la discrimination durable et ses applications dans le droit administratif irakien : la femme et les minorit\u00e9s comme mod\u00e8le \u00bb - Facult\u00e9 de droit\" \/>\n<meta property=\"og:description\" content=\"La Facult\u00e9 de droit de l\u2019Universit\u00e9 de Bagdad a discut\u00e9 un m\u00e9moire de master intitul\u00e9 : \u00ab Le principe d\u2019interdiction ... more\" \/>\n<meta property=\"og:url\" content=\"https:\/\/fr.colaw.uobaghdad.edu.iq\/?p=5537\" \/>\n<meta property=\"og:site_name\" content=\"Facult\u00e9 de droit\" \/>\n<meta property=\"article:publisher\" content=\"https:\/\/www.facebook.com\/people\/---\/100076342836611\/\" \/>\n<meta property=\"article:published_time\" content=\"2026-03-08T06:26:15+00:00\" \/>\n<meta property=\"og:image\" content=\"https:\/\/fr.colaw.uobaghdad.edu.iq\/wp-content\/uploads\/sites\/102\/2026\/03\/WhatsApp-Image-2026-02-25-at-11.21.26-PM.jpeg\" \/>\n\t<meta property=\"og:image:width\" content=\"1600\" \/>\n\t<meta property=\"og:image:height\" content=\"899\" \/>\n\t<meta property=\"og:image:type\" content=\"image\/jpeg\" \/>\n<meta name=\"author\" content=\"lamia\" \/>\n<meta name=\"twitter:card\" content=\"summary_large_image\" \/>\n<meta name=\"twitter:label1\" content=\"Written by\" \/>\n\t<meta name=\"twitter:data1\" content=\"lamia\" \/>\n\t<meta name=\"twitter:label2\" content=\"Est. reading time\" \/>\n\t<meta name=\"twitter:data2\" content=\"2 minutes\" \/>\n<script type=\"application\/ld+json\" class=\"yoast-schema-graph\">{\"@context\":\"https:\/\/schema.org\",\"@graph\":[{\"@type\":\"Article\",\"@id\":\"https:\/\/fr.colaw.uobaghdad.edu.iq\/?p=5537#article\",\"isPartOf\":{\"@id\":\"https:\/\/fr.colaw.uobaghdad.edu.iq\/?p=5537\"},\"author\":{\"name\":\"lamia\",\"@id\":\"https:\/\/fr.colaw.uobaghdad.edu.iq\/#\/schema\/person\/a169696ed2cffa6f2e6a3475ecb2d626\"},\"headline\":\"La Facult\u00e9 de droit discute un m\u00e9moire de master intitul\u00e9 : \u00ab Le principe de l\u2019interdiction de la discrimination durable et ses applications dans le droit administratif irakien : la femme et les minorit\u00e9s comme mod\u00e8le \u00bb\",\"datePublished\":\"2026-03-08T06:26:15+00:00\",\"mainEntityOfPage\":{\"@id\":\"https:\/\/fr.colaw.uobaghdad.edu.iq\/?p=5537\"},\"wordCount\":256,\"publisher\":{\"@id\":\"https:\/\/fr.colaw.uobaghdad.edu.iq\/#organization\"},\"image\":{\"@id\":\"https:\/\/fr.colaw.uobaghdad.edu.iq\/?p=5537#primaryimage\"},\"thumbnailUrl\":\"https:\/\/fr.colaw.uobaghdad.edu.iq\/wp-content\/uploads\/sites\/102\/2026\/03\/WhatsApp-Image-2026-02-25-at-11.21.26-PM.jpeg\",\"articleSection\":[\"Activit\u00e9s de la branche de droit public\",\"Actualit\u00e9s\"],\"inLanguage\":\"en-US\"},{\"@type\":\"WebPage\",\"@id\":\"https:\/\/fr.colaw.uobaghdad.edu.iq\/?p=5537\",\"url\":\"https:\/\/fr.colaw.uobaghdad.edu.iq\/?p=5537\",\"name\":\"La Facult\u00e9 de droit discute un m\u00e9moire de master intitul\u00e9 : \u00ab Le principe de l\u2019interdiction de la discrimination durable et ses applications dans le droit administratif irakien : la femme et les minorit\u00e9s comme mod\u00e8le \u00bb - Facult\u00e9 de droit\",\"isPartOf\":{\"@id\":\"https:\/\/fr.colaw.uobaghdad.edu.iq\/#website\"},\"primaryImageOfPage\":{\"@id\":\"https:\/\/fr.colaw.uobaghdad.edu.iq\/?p=5537#primaryimage\"},\"image\":{\"@id\":\"https:\/\/fr.colaw.uobaghdad.edu.iq\/?p=5537#primaryimage\"},\"thumbnailUrl\":\"https:\/\/fr.colaw.uobaghdad.edu.iq\/wp-content\/uploads\/sites\/102\/2026\/03\/WhatsApp-Image-2026-02-25-at-11.21.26-PM.jpeg\",\"datePublished\":\"2026-03-08T06:26:15+00:00\",\"breadcrumb\":{\"@id\":\"https:\/\/fr.colaw.uobaghdad.edu.iq\/?p=5537#breadcrumb\"},\"inLanguage\":\"en-US\",\"potentialAction\":[{\"@type\":\"ReadAction\",\"target\":[\"https:\/\/fr.colaw.uobaghdad.edu.iq\/?p=5537\"]}]},{\"@type\":\"ImageObject\",\"inLanguage\":\"en-US\",\"@id\":\"https:\/\/fr.colaw.uobaghdad.edu.iq\/?p=5537#primaryimage\",\"url\":\"https:\/\/fr.colaw.uobaghdad.edu.iq\/wp-content\/uploads\/sites\/102\/2026\/03\/WhatsApp-Image-2026-02-25-at-11.21.26-PM.jpeg\",\"contentUrl\":\"https:\/\/fr.colaw.uobaghdad.edu.iq\/wp-content\/uploads\/sites\/102\/2026\/03\/WhatsApp-Image-2026-02-25-at-11.21.26-PM.jpeg\",\"width\":1600,\"height\":899},{\"@type\":\"BreadcrumbList\",\"@id\":\"https:\/\/fr.colaw.uobaghdad.edu.iq\/?p=5537#breadcrumb\",\"itemListElement\":[{\"@type\":\"ListItem\",\"position\":1,\"name\":\"Home\",\"item\":\"https:\/\/fr.colaw.uobaghdad.edu.iq\/\"},{\"@type\":\"ListItem\",\"position\":2,\"name\":\"La Facult\u00e9 de droit discute un m\u00e9moire de master intitul\u00e9 : \u00ab Le principe de l\u2019interdiction de la discrimination durable et ses applications dans le droit administratif irakien : la femme et les minorit\u00e9s comme mod\u00e8le \u00bb\"}]},{\"@type\":\"WebSite\",\"@id\":\"https:\/\/fr.colaw.uobaghdad.edu.iq\/#website\",\"url\":\"https:\/\/fr.colaw.uobaghdad.edu.iq\/\",\"name\":\"Facult\u00e9 de droit\",\"description\":\"Universit\u00e9 de Bagdad\",\"publisher\":{\"@id\":\"https:\/\/fr.colaw.uobaghdad.edu.iq\/#organization\"},\"potentialAction\":[{\"@type\":\"SearchAction\",\"target\":{\"@type\":\"EntryPoint\",\"urlTemplate\":\"https:\/\/fr.colaw.uobaghdad.edu.iq\/?s={search_term_string}\"},\"query-input\":{\"@type\":\"PropertyValueSpecification\",\"valueRequired\":true,\"valueName\":\"search_term_string\"}}],\"inLanguage\":\"en-US\"},{\"@type\":\"Organization\",\"@id\":\"https:\/\/fr.colaw.uobaghdad.edu.iq\/#organization\",\"name\":\"Facult\u00e9 de droit\",\"url\":\"https:\/\/fr.colaw.uobaghdad.edu.iq\/\",\"logo\":{\"@type\":\"ImageObject\",\"inLanguage\":\"en-US\",\"@id\":\"https:\/\/fr.colaw.uobaghdad.edu.iq\/#\/schema\/logo\/image\/\",\"url\":\"https:\/\/fr.colaw.uobaghdad.edu.iq\/wp-content\/uploads\/sites\/102\/2024\/05\/WhatsApp-Image-2022-06-10-at-9.png\",\"contentUrl\":\"https:\/\/fr.colaw.uobaghdad.edu.iq\/wp-content\/uploads\/sites\/102\/2024\/05\/WhatsApp-Image-2022-06-10-at-9.png\",\"width\":874,\"height\":874,\"caption\":\"Facult\u00e9 de droit\"},\"image\":{\"@id\":\"https:\/\/fr.colaw.uobaghdad.edu.iq\/#\/schema\/logo\/image\/\"},\"sameAs\":[\"https:\/\/www.facebook.com\/people\/---\/100076342836611\/\",\"https:\/\/www.instagram.com\/baghdadlaw1908\/\",\"https:\/\/www.youtube.com\/@user-zq8ok2ib8f\/featured\",\"https:\/\/www.linkedin.com\/company\/---\/\"]},{\"@type\":\"Person\",\"@id\":\"https:\/\/fr.colaw.uobaghdad.edu.iq\/#\/schema\/person\/a169696ed2cffa6f2e6a3475ecb2d626\",\"name\":\"lamia\",\"image\":{\"@type\":\"ImageObject\",\"inLanguage\":\"en-US\",\"@id\":\"https:\/\/fr.colaw.uobaghdad.edu.iq\/#\/schema\/person\/image\/\",\"url\":\"https:\/\/secure.gravatar.com\/avatar\/96ccc437a680f3eff96c258a3d1ff5a8111098f608084109b03a339ce7cc8ba7?s=96&d=mm&r=g\",\"contentUrl\":\"https:\/\/secure.gravatar.com\/avatar\/96ccc437a680f3eff96c258a3d1ff5a8111098f608084109b03a339ce7cc8ba7?s=96&d=mm&r=g\",\"caption\":\"lamia\"},\"url\":\"https:\/\/fr.colaw.uobaghdad.edu.iq\/?author=133\"}]}<\/script>\n<!-- \/ Yoast SEO plugin. -->","yoast_head_json":{"title":"La Facult\u00e9 de droit discute un m\u00e9moire de master intitul\u00e9 : \u00ab Le principe de l\u2019interdiction de la discrimination durable et ses applications dans le droit administratif irakien : la femme et les minorit\u00e9s comme mod\u00e8le \u00bb - Facult\u00e9 de droit","robots":{"index":"index","follow":"follow","max-snippet":"max-snippet:-1","max-image-preview":"max-image-preview:large","max-video-preview":"max-video-preview:-1"},"canonical":"https:\/\/fr.colaw.uobaghdad.edu.iq\/?p=5537","og_locale":"en_US","og_type":"article","og_title":"La Facult\u00e9 de droit discute un m\u00e9moire de master intitul\u00e9 : \u00ab Le principe de l\u2019interdiction de la discrimination durable et ses applications dans le droit administratif irakien : la femme et les minorit\u00e9s comme mod\u00e8le \u00bb - Facult\u00e9 de droit","og_description":"La Facult\u00e9 de droit de l\u2019Universit\u00e9 de Bagdad a discut\u00e9 un m\u00e9moire de master intitul\u00e9 : \u00ab Le principe d\u2019interdiction ... more","og_url":"https:\/\/fr.colaw.uobaghdad.edu.iq\/?p=5537","og_site_name":"Facult\u00e9 de droit","article_publisher":"https:\/\/www.facebook.com\/people\/---\/100076342836611\/","article_published_time":"2026-03-08T06:26:15+00:00","og_image":[{"width":1600,"height":899,"url":"https:\/\/fr.colaw.uobaghdad.edu.iq\/wp-content\/uploads\/sites\/102\/2026\/03\/WhatsApp-Image-2026-02-25-at-11.21.26-PM.jpeg","type":"image\/jpeg"}],"author":"lamia","twitter_card":"summary_large_image","twitter_misc":{"Written by":"lamia","Est. reading time":"2 minutes"},"schema":{"@context":"https:\/\/schema.org","@graph":[{"@type":"Article","@id":"https:\/\/fr.colaw.uobaghdad.edu.iq\/?p=5537#article","isPartOf":{"@id":"https:\/\/fr.colaw.uobaghdad.edu.iq\/?p=5537"},"author":{"name":"lamia","@id":"https:\/\/fr.colaw.uobaghdad.edu.iq\/#\/schema\/person\/a169696ed2cffa6f2e6a3475ecb2d626"},"headline":"La Facult\u00e9 de droit discute un m\u00e9moire de master intitul\u00e9 : \u00ab Le principe de l\u2019interdiction de la discrimination durable et ses applications dans le droit administratif irakien : la femme et les minorit\u00e9s comme mod\u00e8le \u00bb","datePublished":"2026-03-08T06:26:15+00:00","mainEntityOfPage":{"@id":"https:\/\/fr.colaw.uobaghdad.edu.iq\/?p=5537"},"wordCount":256,"publisher":{"@id":"https:\/\/fr.colaw.uobaghdad.edu.iq\/#organization"},"image":{"@id":"https:\/\/fr.colaw.uobaghdad.edu.iq\/?p=5537#primaryimage"},"thumbnailUrl":"https:\/\/fr.colaw.uobaghdad.edu.iq\/wp-content\/uploads\/sites\/102\/2026\/03\/WhatsApp-Image-2026-02-25-at-11.21.26-PM.jpeg","articleSection":["Activit\u00e9s de la branche de droit public","Actualit\u00e9s"],"inLanguage":"en-US"},{"@type":"WebPage","@id":"https:\/\/fr.colaw.uobaghdad.edu.iq\/?p=5537","url":"https:\/\/fr.colaw.uobaghdad.edu.iq\/?p=5537","name":"La Facult\u00e9 de droit discute un m\u00e9moire de master intitul\u00e9 : \u00ab Le principe de l\u2019interdiction de la discrimination durable et ses applications dans le droit administratif irakien : la femme et les minorit\u00e9s comme mod\u00e8le \u00bb - Facult\u00e9 de droit","isPartOf":{"@id":"https:\/\/fr.colaw.uobaghdad.edu.iq\/#website"},"primaryImageOfPage":{"@id":"https:\/\/fr.colaw.uobaghdad.edu.iq\/?p=5537#primaryimage"},"image":{"@id":"https:\/\/fr.colaw.uobaghdad.edu.iq\/?p=5537#primaryimage"},"thumbnailUrl":"https:\/\/fr.colaw.uobaghdad.edu.iq\/wp-content\/uploads\/sites\/102\/2026\/03\/WhatsApp-Image-2026-02-25-at-11.21.26-PM.jpeg","datePublished":"2026-03-08T06:26:15+00:00","breadcrumb":{"@id":"https:\/\/fr.colaw.uobaghdad.edu.iq\/?p=5537#breadcrumb"},"inLanguage":"en-US","potentialAction":[{"@type":"ReadAction","target":["https:\/\/fr.colaw.uobaghdad.edu.iq\/?p=5537"]}]},{"@type":"ImageObject","inLanguage":"en-US","@id":"https:\/\/fr.colaw.uobaghdad.edu.iq\/?p=5537#primaryimage","url":"https:\/\/fr.colaw.uobaghdad.edu.iq\/wp-content\/uploads\/sites\/102\/2026\/03\/WhatsApp-Image-2026-02-25-at-11.21.26-PM.jpeg","contentUrl":"https:\/\/fr.colaw.uobaghdad.edu.iq\/wp-content\/uploads\/sites\/102\/2026\/03\/WhatsApp-Image-2026-02-25-at-11.21.26-PM.jpeg","width":1600,"height":899},{"@type":"BreadcrumbList","@id":"https:\/\/fr.colaw.uobaghdad.edu.iq\/?p=5537#breadcrumb","itemListElement":[{"@type":"ListItem","position":1,"name":"Home","item":"https:\/\/fr.colaw.uobaghdad.edu.iq\/"},{"@type":"ListItem","position":2,"name":"La Facult\u00e9 de droit discute un m\u00e9moire de master intitul\u00e9 : \u00ab Le principe de l\u2019interdiction de la discrimination durable et ses applications dans le droit administratif irakien : la femme et les minorit\u00e9s comme mod\u00e8le \u00bb"}]},{"@type":"WebSite","@id":"https:\/\/fr.colaw.uobaghdad.edu.iq\/#website","url":"https:\/\/fr.colaw.uobaghdad.edu.iq\/","name":"Facult\u00e9 de droit","description":"Universit\u00e9 de Bagdad","publisher":{"@id":"https:\/\/fr.colaw.uobaghdad.edu.iq\/#organization"},"potentialAction":[{"@type":"SearchAction","target":{"@type":"EntryPoint","urlTemplate":"https:\/\/fr.colaw.uobaghdad.edu.iq\/?s={search_term_string}"},"query-input":{"@type":"PropertyValueSpecification","valueRequired":true,"valueName":"search_term_string"}}],"inLanguage":"en-US"},{"@type":"Organization","@id":"https:\/\/fr.colaw.uobaghdad.edu.iq\/#organization","name":"Facult\u00e9 de droit","url":"https:\/\/fr.colaw.uobaghdad.edu.iq\/","logo":{"@type":"ImageObject","inLanguage":"en-US","@id":"https:\/\/fr.colaw.uobaghdad.edu.iq\/#\/schema\/logo\/image\/","url":"https:\/\/fr.colaw.uobaghdad.edu.iq\/wp-content\/uploads\/sites\/102\/2024\/05\/WhatsApp-Image-2022-06-10-at-9.png","contentUrl":"https:\/\/fr.colaw.uobaghdad.edu.iq\/wp-content\/uploads\/sites\/102\/2024\/05\/WhatsApp-Image-2022-06-10-at-9.png","width":874,"height":874,"caption":"Facult\u00e9 de droit"},"image":{"@id":"https:\/\/fr.colaw.uobaghdad.edu.iq\/#\/schema\/logo\/image\/"},"sameAs":["https:\/\/www.facebook.com\/people\/---\/100076342836611\/","https:\/\/www.instagram.com\/baghdadlaw1908\/","https:\/\/www.youtube.com\/@user-zq8ok2ib8f\/featured","https:\/\/www.linkedin.com\/company\/---\/"]},{"@type":"Person","@id":"https:\/\/fr.colaw.uobaghdad.edu.iq\/#\/schema\/person\/a169696ed2cffa6f2e6a3475ecb2d626","name":"lamia","image":{"@type":"ImageObject","inLanguage":"en-US","@id":"https:\/\/fr.colaw.uobaghdad.edu.iq\/#\/schema\/person\/image\/","url":"https:\/\/secure.gravatar.com\/avatar\/96ccc437a680f3eff96c258a3d1ff5a8111098f608084109b03a339ce7cc8ba7?s=96&d=mm&r=g","contentUrl":"https:\/\/secure.gravatar.com\/avatar\/96ccc437a680f3eff96c258a3d1ff5a8111098f608084109b03a339ce7cc8ba7?s=96&d=mm&r=g","caption":"lamia"},"url":"https:\/\/fr.colaw.uobaghdad.edu.iq\/?author=133"}]}},"modified_by":"lamia","_links":{"self":[{"href":"https:\/\/fr.colaw.uobaghdad.edu.iq\/index.php?rest_route=\/wp\/v2\/posts\/5537","targetHints":{"allow":["GET"]}}],"collection":[{"href":"https:\/\/fr.colaw.uobaghdad.edu.iq\/index.php?rest_route=\/wp\/v2\/posts"}],"about":[{"href":"https:\/\/fr.colaw.uobaghdad.edu.iq\/index.php?rest_route=\/wp\/v2\/types\/post"}],"author":[{"embeddable":true,"href":"https:\/\/fr.colaw.uobaghdad.edu.iq\/index.php?rest_route=\/wp\/v2\/users\/133"}],"replies":[{"embeddable":true,"href":"https:\/\/fr.colaw.uobaghdad.edu.iq\/index.php?rest_route=%2Fwp%2Fv2%2Fcomments&post=5537"}],"version-history":[{"count":1,"href":"https:\/\/fr.colaw.uobaghdad.edu.iq\/index.php?rest_route=\/wp\/v2\/posts\/5537\/revisions"}],"predecessor-version":[{"id":5540,"href":"https:\/\/fr.colaw.uobaghdad.edu.iq\/index.php?rest_route=\/wp\/v2\/posts\/5537\/revisions\/5540"}],"wp:featuredmedia":[{"embeddable":true,"href":"https:\/\/fr.colaw.uobaghdad.edu.iq\/index.php?rest_route=\/wp\/v2\/media\/5539"}],"wp:attachment":[{"href":"https:\/\/fr.colaw.uobaghdad.edu.iq\/index.php?rest_route=%2Fwp%2Fv2%2Fmedia&parent=5537"}],"wp:term":[{"taxonomy":"category","embeddable":true,"href":"https:\/\/fr.colaw.uobaghdad.edu.iq\/index.php?rest_route=%2Fwp%2Fv2%2Fcategories&post=5537"},{"taxonomy":"post_tag","embeddable":true,"href":"https:\/\/fr.colaw.uobaghdad.edu.iq\/index.php?rest_route=%2Fwp%2Fv2%2Ftags&post=5537"}],"curies":[{"name":"wp","href":"https:\/\/api.w.org\/{rel}","templated":true}]}}