{"id":5506,"date":"2026-02-25T19:54:07","date_gmt":"2026-02-25T19:54:07","guid":{"rendered":"https:\/\/fr.colaw.uobaghdad.edu.iq\/?p=5506"},"modified":"2026-02-25T19:57:07","modified_gmt":"2026-02-25T19:57:07","slug":"la-faculte-de-droit-de-luniversite-de-bagdad-organise-un-atelier-sur-le-contentieux-en-matiere-de-propriete-intellectuelle-entre-la-juridiction-nationale-et-larbitrage-international","status":"publish","type":"post","link":"https:\/\/fr.colaw.uobaghdad.edu.iq\/?p=5506","title":{"rendered":"La Facult\u00e9 de droit organise un atelier sur le contentieux en mati\u00e8re de propri\u00e9t\u00e9 intellectuelle entre la juridiction nationale et l\u2019arbitrage international"},"content":{"rendered":"<div class=\"wpb-content-wrapper\"><p>[vc_row][vc_column][vc_column_text]<\/p>\n<p style=\"text-align: justify;\"><strong><span style=\"font-size: 18px; font-family: 'Times New Roman';\">L\u2019Unit\u00e9 de formation continue de la Facult\u00e9 de droit de l\u2019Universit\u00e9 de Bagdad a organis\u00e9e un atelier intitul\u00e9 \u00ab Le contentieux en mati\u00e8re de propri\u00e9t\u00e9 intellectuelle entre la justice nationale et l\u2019arbitrage international \u00bb, pr\u00e9sent\u00e9 par Mme Masuma Hamid Abd al-Rahman, le 23 f\u00e9vrier 2026.<\/span><\/strong><\/p>\n<p style=\"text-align: justify;\"><strong><span style=\"font-size: 18px; font-family: 'Times New Roman';\">L\u2019atelier visait \u00e0 renforcer la sensibilisation juridique, \u00e0 mettre en lumi\u00e8re les cadres proc\u00e9duraux et substantiels applicables devant les juridictions nationales et les instances d\u2019arbitrage international, ainsi qu\u2019\u00e0 comparer les deux voies en analysant leurs avantages et leurs d\u00e9fis.<\/span><\/strong><\/p>\n<p style=\"text-align: justify;\"><strong><span style=\"font-size: 18px; font-family: 'Times New Roman';\">Les principaux axes abord\u00e9s :<\/span><\/strong><br \/>\n<strong><span style=\"font-size: 18px; font-family: 'Times New Roman';\">1. La nature des litiges en propri\u00e9t\u00e9 intellectuelle<\/span><\/strong><br \/>\n<strong><span style=\"font-size: 18px; font-family: 'Times New Roman';\">2. La comp\u00e9tence juridictionnelle<\/span><\/strong><br \/>\n<strong><span style=\"font-size: 18px; font-family: 'Times New Roman';\">3. L\u2019arbitrage international comme mode alternatif de r\u00e8glement<\/span><\/strong><br \/>\n<strong><span style=\"font-size: 18px; font-family: 'Times New Roman';\">4. La comparaison entre justice nationale et arbitrage<\/span><\/strong><\/p>\n<p style=\"text-align: justify;\"><strong><span style=\"font-size: 18px; font-family: 'Times New Roman';\">Recommandations :<\/span><\/strong><br \/>\n<strong><span style=\"font-size: 18px; font-family: 'Times New Roman';\">\u2022 Renforcer la sensibilisation juridique sp\u00e9cialis\u00e9e<\/span><\/strong><br \/>\n<strong><span style=\"font-size: 18px; font-family: 'Times New Roman';\">\u2022 Int\u00e9grer des m\u00e9canismes efficaces de r\u00e8glement des litiges<\/span><\/strong><br \/>\n<strong><span style=\"font-size: 18px; font-family: 'Times New Roman';\">\u2022 Promouvoir la coop\u00e9ration internationale pour l\u2019ex\u00e9cution des jugements.<\/span><\/strong>[\/vc_column_text][\/vc_column][\/vc_row][vc_row][vc_column]<div id=\"cz_69766\" class=\"cz_grid_p cz_69766\"><div class=\"cz_grid cz_grid_1 clr cz_grid_c2 cz_grid_l2 cz_grid_1_no_title cz_grid_1_mid tac\"><div class=\"cz_grid_item cz_grid_first\"><\/div><div class=\"cz_grid_item \"><div data-title=\"WhatsApp-Image-2026-02-24-at-11.40.10-AM-1200x500\"><a class=\"cz_grid_link \" href=\"https:\/\/fr.colaw.uobaghdad.edu.iq\/wp-content\/uploads\/sites\/102\/2026\/02\/WhatsApp-Image-2026-02-24-at-11.40.10-AM-1200x500-1.jpeg\" data-xtra-lightbox><img loading=\"lazy\" decoding=\"async\" width=\"1200\" height=\"500\" src=\"https:\/\/fr.colaw.uobaghdad.edu.iq\/wp-content\/uploads\/sites\/102\/2026\/02\/WhatsApp-Image-2026-02-24-at-11.40.10-AM-1200x500-1.jpeg\" class=\"attachment-codevz_1200_500\" alt=\"\" title=\"WhatsApp-Image-2026-02-24-at-11.40.10-AM-1200x500\" srcset=\"https:\/\/fr.colaw.uobaghdad.edu.iq\/wp-content\/uploads\/sites\/102\/2026\/02\/WhatsApp-Image-2026-02-24-at-11.40.10-AM-1200x500-1.jpeg 1200w, https:\/\/fr.colaw.uobaghdad.edu.iq\/wp-content\/uploads\/sites\/102\/2026\/02\/WhatsApp-Image-2026-02-24-at-11.40.10-AM-1200x500-1-300x125.jpeg 300w, https:\/\/fr.colaw.uobaghdad.edu.iq\/wp-content\/uploads\/sites\/102\/2026\/02\/WhatsApp-Image-2026-02-24-at-11.40.10-AM-1200x500-1-1024x427.jpeg 1024w, https:\/\/fr.colaw.uobaghdad.edu.iq\/wp-content\/uploads\/sites\/102\/2026\/02\/WhatsApp-Image-2026-02-24-at-11.40.10-AM-1200x500-1-768x320.jpeg 768w, https:\/\/fr.colaw.uobaghdad.edu.iq\/wp-content\/uploads\/sites\/102\/2026\/02\/WhatsApp-Image-2026-02-24-at-11.40.10-AM-1200x500-1-600x250.jpeg 600w\" sizes=\"auto, (max-width: 1200px) 100vw, 1200px\" \/><div class=\"cz_grid_details\"><i class=\"fa fa-search cz_grid_icon\"><\/i><\/div><\/a><\/div><\/div><div class=\"cz_grid_item \"><div data-title=\"WhatsApp-Image-2026-02-24-at-11.40.11-AM-1-1200x500\"><a class=\"cz_grid_link \" href=\"https:\/\/fr.colaw.uobaghdad.edu.iq\/wp-content\/uploads\/sites\/102\/2026\/02\/WhatsApp-Image-2026-02-24-at-11.40.11-AM-1-1200x500-1.jpeg\" data-xtra-lightbox><img loading=\"lazy\" decoding=\"async\" width=\"1200\" height=\"500\" src=\"https:\/\/fr.colaw.uobaghdad.edu.iq\/wp-content\/uploads\/sites\/102\/2026\/02\/WhatsApp-Image-2026-02-24-at-11.40.11-AM-1-1200x500-1.jpeg\" class=\"attachment-codevz_1200_500\" alt=\"\" title=\"WhatsApp-Image-2026-02-24-at-11.40.11-AM-1-1200x500\" srcset=\"https:\/\/fr.colaw.uobaghdad.edu.iq\/wp-content\/uploads\/sites\/102\/2026\/02\/WhatsApp-Image-2026-02-24-at-11.40.11-AM-1-1200x500-1.jpeg 1200w, https:\/\/fr.colaw.uobaghdad.edu.iq\/wp-content\/uploads\/sites\/102\/2026\/02\/WhatsApp-Image-2026-02-24-at-11.40.11-AM-1-1200x500-1-300x125.jpeg 300w, https:\/\/fr.colaw.uobaghdad.edu.iq\/wp-content\/uploads\/sites\/102\/2026\/02\/WhatsApp-Image-2026-02-24-at-11.40.11-AM-1-1200x500-1-1024x427.jpeg 1024w, https:\/\/fr.colaw.uobaghdad.edu.iq\/wp-content\/uploads\/sites\/102\/2026\/02\/WhatsApp-Image-2026-02-24-at-11.40.11-AM-1-1200x500-1-768x320.jpeg 768w, https:\/\/fr.colaw.uobaghdad.edu.iq\/wp-content\/uploads\/sites\/102\/2026\/02\/WhatsApp-Image-2026-02-24-at-11.40.11-AM-1-1200x500-1-600x250.jpeg 600w\" sizes=\"auto, (max-width: 1200px) 100vw, 1200px\" \/><div class=\"cz_grid_details\"><i class=\"fa fa-search cz_grid_icon\"><\/i><\/div><\/a><\/div><\/div><\/div><\/div>[\/vc_column][\/vc_row]<\/p>\n<\/div>","protected":false},"excerpt":{"rendered":"<p>[vc_row][vc_column][vc_column_text] L\u2019Unit\u00e9 de formation continue de la Facult\u00e9 de droit de l\u2019Universit\u00e9 de Bagdad a organis\u00e9e un atelier intitul\u00e9 \u00ab &#8230; <a class=\"cz_readmore cz_readmore_no_icon\" href=\"https:\/\/fr.colaw.uobaghdad.edu.iq\/?p=5506\"><span>more<\/span><\/a><\/p>\n","protected":false},"author":133,"featured_media":5508,"comment_status":"closed","ping_status":"open","sticky":false,"template":"","format":"standard","meta":{"_lmt_disableupdate":"no","_lmt_disable":"","footnotes":""},"categories":[8,11],"tags":[],"class_list":["post-5506","post","type-post","status-publish","format-standard","has-post-thumbnail","hentry","category-activites-de-la-branche-de-droit-prive","category-actualites"],"yoast_head":"<!-- This site is optimized with the Yoast SEO plugin v25.8 - https:\/\/yoast.com\/wordpress\/plugins\/seo\/ -->\n<title>La Facult\u00e9 de droit organise un atelier sur le contentieux en mati\u00e8re de propri\u00e9t\u00e9 intellectuelle entre la juridiction nationale et l\u2019arbitrage international - Facult\u00e9 de droit<\/title>\n<meta name=\"robots\" content=\"index, follow, max-snippet:-1, max-image-preview:large, max-video-preview:-1\" \/>\n<link rel=\"canonical\" href=\"https:\/\/fr.colaw.uobaghdad.edu.iq\/?p=5506\" \/>\n<meta property=\"og:locale\" content=\"en_US\" \/>\n<meta property=\"og:type\" content=\"article\" \/>\n<meta property=\"og:title\" content=\"La Facult\u00e9 de droit organise un atelier sur le contentieux en mati\u00e8re de propri\u00e9t\u00e9 intellectuelle entre la juridiction nationale et l\u2019arbitrage international - Facult\u00e9 de droit\" \/>\n<meta property=\"og:description\" content=\"[vc_row][vc_column][vc_column_text] L\u2019Unit\u00e9 de formation continue de la Facult\u00e9 de droit de l\u2019Universit\u00e9 de Bagdad a organis\u00e9e un atelier intitul\u00e9 \u00ab ... more\" \/>\n<meta property=\"og:url\" content=\"https:\/\/fr.colaw.uobaghdad.edu.iq\/?p=5506\" \/>\n<meta property=\"og:site_name\" content=\"Facult\u00e9 de droit\" \/>\n<meta property=\"article:publisher\" content=\"https:\/\/www.facebook.com\/people\/---\/100076342836611\/\" \/>\n<meta property=\"article:published_time\" content=\"2026-02-25T19:54:07+00:00\" \/>\n<meta property=\"article:modified_time\" content=\"2026-02-25T19:57:07+00:00\" \/>\n<meta property=\"og:image\" content=\"https:\/\/fr.colaw.uobaghdad.edu.iq\/wp-content\/uploads\/sites\/102\/2026\/02\/WhatsApp-Image-2026-02-24-at-11.40.11-AM.jpeg\" \/>\n\t<meta property=\"og:image:width\" content=\"1600\" \/>\n\t<meta property=\"og:image:height\" content=\"899\" \/>\n\t<meta property=\"og:image:type\" content=\"image\/jpeg\" \/>\n<meta name=\"author\" content=\"lamia\" \/>\n<meta name=\"twitter:card\" content=\"summary_large_image\" \/>\n<meta name=\"twitter:label1\" content=\"Written by\" \/>\n\t<meta name=\"twitter:data1\" content=\"lamia\" \/>\n\t<meta name=\"twitter:label2\" content=\"Est. reading time\" \/>\n\t<meta name=\"twitter:data2\" content=\"2 minutes\" \/>\n<script type=\"application\/ld+json\" class=\"yoast-schema-graph\">{\"@context\":\"https:\/\/schema.org\",\"@graph\":[{\"@type\":\"Article\",\"@id\":\"https:\/\/fr.colaw.uobaghdad.edu.iq\/?p=5506#article\",\"isPartOf\":{\"@id\":\"https:\/\/fr.colaw.uobaghdad.edu.iq\/?p=5506\"},\"author\":{\"name\":\"lamia\",\"@id\":\"https:\/\/fr.colaw.uobaghdad.edu.iq\/#\/schema\/person\/a169696ed2cffa6f2e6a3475ecb2d626\"},\"headline\":\"La Facult\u00e9 de droit organise un atelier sur le contentieux en mati\u00e8re de propri\u00e9t\u00e9 intellectuelle entre la juridiction nationale et l\u2019arbitrage international\",\"datePublished\":\"2026-02-25T19:54:07+00:00\",\"dateModified\":\"2026-02-25T19:57:07+00:00\",\"mainEntityOfPage\":{\"@id\":\"https:\/\/fr.colaw.uobaghdad.edu.iq\/?p=5506\"},\"wordCount\":214,\"publisher\":{\"@id\":\"https:\/\/fr.colaw.uobaghdad.edu.iq\/#organization\"},\"image\":{\"@id\":\"https:\/\/fr.colaw.uobaghdad.edu.iq\/?p=5506#primaryimage\"},\"thumbnailUrl\":\"https:\/\/fr.colaw.uobaghdad.edu.iq\/wp-content\/uploads\/sites\/102\/2026\/02\/WhatsApp-Image-2026-02-24-at-11.40.11-AM.jpeg\",\"articleSection\":[\"Activit\u00e9s de la branche de droit priv\u00e9\",\"Actualit\u00e9s\"],\"inLanguage\":\"en-US\"},{\"@type\":\"WebPage\",\"@id\":\"https:\/\/fr.colaw.uobaghdad.edu.iq\/?p=5506\",\"url\":\"https:\/\/fr.colaw.uobaghdad.edu.iq\/?p=5506\",\"name\":\"La Facult\u00e9 de droit organise un atelier sur le contentieux en mati\u00e8re de propri\u00e9t\u00e9 intellectuelle entre la juridiction nationale et l\u2019arbitrage international - Facult\u00e9 de droit\",\"isPartOf\":{\"@id\":\"https:\/\/fr.colaw.uobaghdad.edu.iq\/#website\"},\"primaryImageOfPage\":{\"@id\":\"https:\/\/fr.colaw.uobaghdad.edu.iq\/?p=5506#primaryimage\"},\"image\":{\"@id\":\"https:\/\/fr.colaw.uobaghdad.edu.iq\/?p=5506#primaryimage\"},\"thumbnailUrl\":\"https:\/\/fr.colaw.uobaghdad.edu.iq\/wp-content\/uploads\/sites\/102\/2026\/02\/WhatsApp-Image-2026-02-24-at-11.40.11-AM.jpeg\",\"datePublished\":\"2026-02-25T19:54:07+00:00\",\"dateModified\":\"2026-02-25T19:57:07+00:00\",\"breadcrumb\":{\"@id\":\"https:\/\/fr.colaw.uobaghdad.edu.iq\/?p=5506#breadcrumb\"},\"inLanguage\":\"en-US\",\"potentialAction\":[{\"@type\":\"ReadAction\",\"target\":[\"https:\/\/fr.colaw.uobaghdad.edu.iq\/?p=5506\"]}]},{\"@type\":\"ImageObject\",\"inLanguage\":\"en-US\",\"@id\":\"https:\/\/fr.colaw.uobaghdad.edu.iq\/?p=5506#primaryimage\",\"url\":\"https:\/\/fr.colaw.uobaghdad.edu.iq\/wp-content\/uploads\/sites\/102\/2026\/02\/WhatsApp-Image-2026-02-24-at-11.40.11-AM.jpeg\",\"contentUrl\":\"https:\/\/fr.colaw.uobaghdad.edu.iq\/wp-content\/uploads\/sites\/102\/2026\/02\/WhatsApp-Image-2026-02-24-at-11.40.11-AM.jpeg\",\"width\":1600,\"height\":899},{\"@type\":\"BreadcrumbList\",\"@id\":\"https:\/\/fr.colaw.uobaghdad.edu.iq\/?p=5506#breadcrumb\",\"itemListElement\":[{\"@type\":\"ListItem\",\"position\":1,\"name\":\"Home\",\"item\":\"https:\/\/fr.colaw.uobaghdad.edu.iq\/\"},{\"@type\":\"ListItem\",\"position\":2,\"name\":\"La Facult\u00e9 de droit organise un atelier sur le contentieux en mati\u00e8re de propri\u00e9t\u00e9 intellectuelle entre la juridiction nationale et l\u2019arbitrage international\"}]},{\"@type\":\"WebSite\",\"@id\":\"https:\/\/fr.colaw.uobaghdad.edu.iq\/#website\",\"url\":\"https:\/\/fr.colaw.uobaghdad.edu.iq\/\",\"name\":\"Facult\u00e9 de droit\",\"description\":\"Universit\u00e9 de Bagdad\",\"publisher\":{\"@id\":\"https:\/\/fr.colaw.uobaghdad.edu.iq\/#organization\"},\"potentialAction\":[{\"@type\":\"SearchAction\",\"target\":{\"@type\":\"EntryPoint\",\"urlTemplate\":\"https:\/\/fr.colaw.uobaghdad.edu.iq\/?s={search_term_string}\"},\"query-input\":{\"@type\":\"PropertyValueSpecification\",\"valueRequired\":true,\"valueName\":\"search_term_string\"}}],\"inLanguage\":\"en-US\"},{\"@type\":\"Organization\",\"@id\":\"https:\/\/fr.colaw.uobaghdad.edu.iq\/#organization\",\"name\":\"Facult\u00e9 de droit\",\"url\":\"https:\/\/fr.colaw.uobaghdad.edu.iq\/\",\"logo\":{\"@type\":\"ImageObject\",\"inLanguage\":\"en-US\",\"@id\":\"https:\/\/fr.colaw.uobaghdad.edu.iq\/#\/schema\/logo\/image\/\",\"url\":\"https:\/\/fr.colaw.uobaghdad.edu.iq\/wp-content\/uploads\/sites\/102\/2024\/05\/WhatsApp-Image-2022-06-10-at-9.png\",\"contentUrl\":\"https:\/\/fr.colaw.uobaghdad.edu.iq\/wp-content\/uploads\/sites\/102\/2024\/05\/WhatsApp-Image-2022-06-10-at-9.png\",\"width\":874,\"height\":874,\"caption\":\"Facult\u00e9 de droit\"},\"image\":{\"@id\":\"https:\/\/fr.colaw.uobaghdad.edu.iq\/#\/schema\/logo\/image\/\"},\"sameAs\":[\"https:\/\/www.facebook.com\/people\/---\/100076342836611\/\",\"https:\/\/www.instagram.com\/baghdadlaw1908\/\",\"https:\/\/www.youtube.com\/@user-zq8ok2ib8f\/featured\",\"https:\/\/www.linkedin.com\/company\/---\/\"]},{\"@type\":\"Person\",\"@id\":\"https:\/\/fr.colaw.uobaghdad.edu.iq\/#\/schema\/person\/a169696ed2cffa6f2e6a3475ecb2d626\",\"name\":\"lamia\",\"image\":{\"@type\":\"ImageObject\",\"inLanguage\":\"en-US\",\"@id\":\"https:\/\/fr.colaw.uobaghdad.edu.iq\/#\/schema\/person\/image\/\",\"url\":\"https:\/\/secure.gravatar.com\/avatar\/96ccc437a680f3eff96c258a3d1ff5a8111098f608084109b03a339ce7cc8ba7?s=96&d=mm&r=g\",\"contentUrl\":\"https:\/\/secure.gravatar.com\/avatar\/96ccc437a680f3eff96c258a3d1ff5a8111098f608084109b03a339ce7cc8ba7?s=96&d=mm&r=g\",\"caption\":\"lamia\"},\"url\":\"https:\/\/fr.colaw.uobaghdad.edu.iq\/?author=133\"}]}<\/script>\n<!-- \/ Yoast SEO plugin. -->","yoast_head_json":{"title":"La Facult\u00e9 de droit organise un atelier sur le contentieux en mati\u00e8re de propri\u00e9t\u00e9 intellectuelle entre la juridiction nationale et l\u2019arbitrage international - Facult\u00e9 de droit","robots":{"index":"index","follow":"follow","max-snippet":"max-snippet:-1","max-image-preview":"max-image-preview:large","max-video-preview":"max-video-preview:-1"},"canonical":"https:\/\/fr.colaw.uobaghdad.edu.iq\/?p=5506","og_locale":"en_US","og_type":"article","og_title":"La Facult\u00e9 de droit organise un atelier sur le contentieux en mati\u00e8re de propri\u00e9t\u00e9 intellectuelle entre la juridiction nationale et l\u2019arbitrage international - Facult\u00e9 de droit","og_description":"[vc_row][vc_column][vc_column_text] L\u2019Unit\u00e9 de formation continue de la Facult\u00e9 de droit de l\u2019Universit\u00e9 de Bagdad a organis\u00e9e un atelier intitul\u00e9 \u00ab ... more","og_url":"https:\/\/fr.colaw.uobaghdad.edu.iq\/?p=5506","og_site_name":"Facult\u00e9 de droit","article_publisher":"https:\/\/www.facebook.com\/people\/---\/100076342836611\/","article_published_time":"2026-02-25T19:54:07+00:00","article_modified_time":"2026-02-25T19:57:07+00:00","og_image":[{"width":1600,"height":899,"url":"https:\/\/fr.colaw.uobaghdad.edu.iq\/wp-content\/uploads\/sites\/102\/2026\/02\/WhatsApp-Image-2026-02-24-at-11.40.11-AM.jpeg","type":"image\/jpeg"}],"author":"lamia","twitter_card":"summary_large_image","twitter_misc":{"Written by":"lamia","Est. reading time":"2 minutes"},"schema":{"@context":"https:\/\/schema.org","@graph":[{"@type":"Article","@id":"https:\/\/fr.colaw.uobaghdad.edu.iq\/?p=5506#article","isPartOf":{"@id":"https:\/\/fr.colaw.uobaghdad.edu.iq\/?p=5506"},"author":{"name":"lamia","@id":"https:\/\/fr.colaw.uobaghdad.edu.iq\/#\/schema\/person\/a169696ed2cffa6f2e6a3475ecb2d626"},"headline":"La Facult\u00e9 de droit organise un atelier sur le contentieux en mati\u00e8re de propri\u00e9t\u00e9 intellectuelle entre la juridiction nationale et l\u2019arbitrage international","datePublished":"2026-02-25T19:54:07+00:00","dateModified":"2026-02-25T19:57:07+00:00","mainEntityOfPage":{"@id":"https:\/\/fr.colaw.uobaghdad.edu.iq\/?p=5506"},"wordCount":214,"publisher":{"@id":"https:\/\/fr.colaw.uobaghdad.edu.iq\/#organization"},"image":{"@id":"https:\/\/fr.colaw.uobaghdad.edu.iq\/?p=5506#primaryimage"},"thumbnailUrl":"https:\/\/fr.colaw.uobaghdad.edu.iq\/wp-content\/uploads\/sites\/102\/2026\/02\/WhatsApp-Image-2026-02-24-at-11.40.11-AM.jpeg","articleSection":["Activit\u00e9s de la branche de droit priv\u00e9","Actualit\u00e9s"],"inLanguage":"en-US"},{"@type":"WebPage","@id":"https:\/\/fr.colaw.uobaghdad.edu.iq\/?p=5506","url":"https:\/\/fr.colaw.uobaghdad.edu.iq\/?p=5506","name":"La Facult\u00e9 de droit organise un atelier sur le contentieux en mati\u00e8re de propri\u00e9t\u00e9 intellectuelle entre la juridiction nationale et l\u2019arbitrage international - Facult\u00e9 de droit","isPartOf":{"@id":"https:\/\/fr.colaw.uobaghdad.edu.iq\/#website"},"primaryImageOfPage":{"@id":"https:\/\/fr.colaw.uobaghdad.edu.iq\/?p=5506#primaryimage"},"image":{"@id":"https:\/\/fr.colaw.uobaghdad.edu.iq\/?p=5506#primaryimage"},"thumbnailUrl":"https:\/\/fr.colaw.uobaghdad.edu.iq\/wp-content\/uploads\/sites\/102\/2026\/02\/WhatsApp-Image-2026-02-24-at-11.40.11-AM.jpeg","datePublished":"2026-02-25T19:54:07+00:00","dateModified":"2026-02-25T19:57:07+00:00","breadcrumb":{"@id":"https:\/\/fr.colaw.uobaghdad.edu.iq\/?p=5506#breadcrumb"},"inLanguage":"en-US","potentialAction":[{"@type":"ReadAction","target":["https:\/\/fr.colaw.uobaghdad.edu.iq\/?p=5506"]}]},{"@type":"ImageObject","inLanguage":"en-US","@id":"https:\/\/fr.colaw.uobaghdad.edu.iq\/?p=5506#primaryimage","url":"https:\/\/fr.colaw.uobaghdad.edu.iq\/wp-content\/uploads\/sites\/102\/2026\/02\/WhatsApp-Image-2026-02-24-at-11.40.11-AM.jpeg","contentUrl":"https:\/\/fr.colaw.uobaghdad.edu.iq\/wp-content\/uploads\/sites\/102\/2026\/02\/WhatsApp-Image-2026-02-24-at-11.40.11-AM.jpeg","width":1600,"height":899},{"@type":"BreadcrumbList","@id":"https:\/\/fr.colaw.uobaghdad.edu.iq\/?p=5506#breadcrumb","itemListElement":[{"@type":"ListItem","position":1,"name":"Home","item":"https:\/\/fr.colaw.uobaghdad.edu.iq\/"},{"@type":"ListItem","position":2,"name":"La Facult\u00e9 de droit organise un atelier sur le contentieux en mati\u00e8re de propri\u00e9t\u00e9 intellectuelle entre la juridiction nationale et l\u2019arbitrage international"}]},{"@type":"WebSite","@id":"https:\/\/fr.colaw.uobaghdad.edu.iq\/#website","url":"https:\/\/fr.colaw.uobaghdad.edu.iq\/","name":"Facult\u00e9 de droit","description":"Universit\u00e9 de Bagdad","publisher":{"@id":"https:\/\/fr.colaw.uobaghdad.edu.iq\/#organization"},"potentialAction":[{"@type":"SearchAction","target":{"@type":"EntryPoint","urlTemplate":"https:\/\/fr.colaw.uobaghdad.edu.iq\/?s={search_term_string}"},"query-input":{"@type":"PropertyValueSpecification","valueRequired":true,"valueName":"search_term_string"}}],"inLanguage":"en-US"},{"@type":"Organization","@id":"https:\/\/fr.colaw.uobaghdad.edu.iq\/#organization","name":"Facult\u00e9 de droit","url":"https:\/\/fr.colaw.uobaghdad.edu.iq\/","logo":{"@type":"ImageObject","inLanguage":"en-US","@id":"https:\/\/fr.colaw.uobaghdad.edu.iq\/#\/schema\/logo\/image\/","url":"https:\/\/fr.colaw.uobaghdad.edu.iq\/wp-content\/uploads\/sites\/102\/2024\/05\/WhatsApp-Image-2022-06-10-at-9.png","contentUrl":"https:\/\/fr.colaw.uobaghdad.edu.iq\/wp-content\/uploads\/sites\/102\/2024\/05\/WhatsApp-Image-2022-06-10-at-9.png","width":874,"height":874,"caption":"Facult\u00e9 de droit"},"image":{"@id":"https:\/\/fr.colaw.uobaghdad.edu.iq\/#\/schema\/logo\/image\/"},"sameAs":["https:\/\/www.facebook.com\/people\/---\/100076342836611\/","https:\/\/www.instagram.com\/baghdadlaw1908\/","https:\/\/www.youtube.com\/@user-zq8ok2ib8f\/featured","https:\/\/www.linkedin.com\/company\/---\/"]},{"@type":"Person","@id":"https:\/\/fr.colaw.uobaghdad.edu.iq\/#\/schema\/person\/a169696ed2cffa6f2e6a3475ecb2d626","name":"lamia","image":{"@type":"ImageObject","inLanguage":"en-US","@id":"https:\/\/fr.colaw.uobaghdad.edu.iq\/#\/schema\/person\/image\/","url":"https:\/\/secure.gravatar.com\/avatar\/96ccc437a680f3eff96c258a3d1ff5a8111098f608084109b03a339ce7cc8ba7?s=96&d=mm&r=g","contentUrl":"https:\/\/secure.gravatar.com\/avatar\/96ccc437a680f3eff96c258a3d1ff5a8111098f608084109b03a339ce7cc8ba7?s=96&d=mm&r=g","caption":"lamia"},"url":"https:\/\/fr.colaw.uobaghdad.edu.iq\/?author=133"}]}},"modified_by":"lamia","_links":{"self":[{"href":"https:\/\/fr.colaw.uobaghdad.edu.iq\/index.php?rest_route=\/wp\/v2\/posts\/5506","targetHints":{"allow":["GET"]}}],"collection":[{"href":"https:\/\/fr.colaw.uobaghdad.edu.iq\/index.php?rest_route=\/wp\/v2\/posts"}],"about":[{"href":"https:\/\/fr.colaw.uobaghdad.edu.iq\/index.php?rest_route=\/wp\/v2\/types\/post"}],"author":[{"embeddable":true,"href":"https:\/\/fr.colaw.uobaghdad.edu.iq\/index.php?rest_route=\/wp\/v2\/users\/133"}],"replies":[{"embeddable":true,"href":"https:\/\/fr.colaw.uobaghdad.edu.iq\/index.php?rest_route=%2Fwp%2Fv2%2Fcomments&post=5506"}],"version-history":[{"count":2,"href":"https:\/\/fr.colaw.uobaghdad.edu.iq\/index.php?rest_route=\/wp\/v2\/posts\/5506\/revisions"}],"predecessor-version":[{"id":5512,"href":"https:\/\/fr.colaw.uobaghdad.edu.iq\/index.php?rest_route=\/wp\/v2\/posts\/5506\/revisions\/5512"}],"wp:featuredmedia":[{"embeddable":true,"href":"https:\/\/fr.colaw.uobaghdad.edu.iq\/index.php?rest_route=\/wp\/v2\/media\/5508"}],"wp:attachment":[{"href":"https:\/\/fr.colaw.uobaghdad.edu.iq\/index.php?rest_route=%2Fwp%2Fv2%2Fmedia&parent=5506"}],"wp:term":[{"taxonomy":"category","embeddable":true,"href":"https:\/\/fr.colaw.uobaghdad.edu.iq\/index.php?rest_route=%2Fwp%2Fv2%2Fcategories&post=5506"},{"taxonomy":"post_tag","embeddable":true,"href":"https:\/\/fr.colaw.uobaghdad.edu.iq\/index.php?rest_route=%2Fwp%2Fv2%2Ftags&post=5506"}],"curies":[{"name":"wp","href":"https:\/\/api.w.org\/{rel}","templated":true}]}}