{"id":5376,"date":"2026-02-09T06:46:42","date_gmt":"2026-02-09T06:46:42","guid":{"rendered":"https:\/\/fr.colaw.uobaghdad.edu.iq\/?p=5376"},"modified":"2026-02-09T06:46:42","modified_gmt":"2026-02-09T06:46:42","slug":"la-faculte-de-droit-soutient-un-memoire-de-master-portant-sur-le-regime-juridique-du-contrat-denseignement-dans-lecole-privee","status":"publish","type":"post","link":"https:\/\/fr.colaw.uobaghdad.edu.iq\/?p=5376","title":{"rendered":"La Facult\u00e9 de droit soutient un m\u00e9moire de master portant sur le r\u00e9gime juridique du contrat d\u2019enseignement dans l\u2019\u00e9cole priv\u00e9e"},"content":{"rendered":"<div class=\"wpb-content-wrapper\"><p>[vc_row][vc_column][vc_column_text]<\/p>\n<p style=\"text-align: justify;\"><span style=\"font-family: 'Times New Roman'; font-size: 18px;\"><strong>La Facult\u00e9 de droit de l\u2019Universit\u00e9 de Bagdad a soutenu un m\u00e9moire de master intitul\u00e9 \u00ab Le r\u00e9gime juridique du contrat d\u2019enseignement dans les \u00e9coles priv\u00e9es \u00bb, en droit priv\u00e9, pr\u00e9sent\u00e9 par l\u2019\u00e9tudiante Fatima Hamid Abd, le jeudi 5 f\u00e9vrier 2026.<\/strong><\/span><\/p>\n<p style=\"text-align: justify;\"><span style=\"font-family: 'Times New Roman'; font-size: 18px;\"><strong>Le m\u00e9moire vise \u00e0 d\u00e9finir le cadre juridique du contrat d\u2019enseignement dans les \u00e9coles priv\u00e9es, \u00e0 pr\u00e9ciser sa nature juridique, ainsi que les droits et obligations des parties, notamment l\u2019\u00e9cole priv\u00e9e et les parents, et \u00e0 d\u00e9terminer l\u2019\u00e9tendue de leur responsabilit\u00e9.<\/strong><\/span><\/p>\n<p style=\"text-align: justify;\"><span style=\"font-family: 'Times New Roman'; font-size: 18px;\"><strong>Le travail est structur\u00e9 en trois chapitres : <\/strong><\/span><span style=\"font-family: 'Times New Roman'; font-size: 18px;\"><strong>le premier porte sur la notion du contrat d\u2019enseignement, ses caract\u00e9ristiques et sa qualification juridique, <\/strong><\/span><span style=\"font-family: 'Times New Roman'; font-size: 18px;\"><strong>le deuxi\u00e8me traite des obligations de l\u2019\u00e9cole priv\u00e9e, de l\u2019\u00e9l\u00e8ve et de son repr\u00e9sentant l\u00e9gal et<\/strong><\/span><span style=\"font-family: 'Times New Roman'; font-size: 18px;\"><strong>\u00a0le troisi\u00e8me analyse la responsabilit\u00e9 contractuelle de l\u2019\u00e9cole priv\u00e9e et ses effets.<\/strong><\/span><\/p>\n<p style=\"text-align: justify;\"><span style=\"font-family: 'Times New Roman'; font-size: 18px;\"><strong>La recherche a abouti \u00e0 plusieurs recommandations, dont les plus importantes sont :<\/strong><\/span><br \/>\n<span style=\"font-family: 'Times New Roman'; font-size: 18px;\"><strong>1. consid\u00e9rer le contrat d\u2019enseignement priv\u00e9 comme un contrat nomm\u00e9 n\u00e9cessitant une r\u00e9glementation l\u00e9gislative compl\u00e8te.\u00a0<\/strong><\/span><br \/>\n<span style=\"font-family: 'Times New Roman'; font-size: 18px;\"><strong>2. adopter des contrats types encadrant la relation entre les \u00e9coles priv\u00e9es et les parents.<\/strong><\/span><br \/>\n<span style=\"font-family: 'Times New Roman'; font-size: 18px;\"><strong>3. modifier l\u2019article 218\/1 du Code civil irakien relatif \u00e0 la responsabilit\u00e9 du fait d\u2019autrui.<\/strong><\/span>[\/vc_column_text][\/vc_column][\/vc_row][vc_row][vc_column]<div id=\"cz_41506\" class=\"cz_grid_p cz_41506\"><div class=\"cz_grid cz_grid_1 clr cz_grid_c2 cz_grid_l2 cz_grid_1_no_title cz_grid_1_mid tac\"><div class=\"cz_grid_item cz_grid_first\"><\/div><div class=\"cz_grid_item \"><div data-title=\"WhatsApp-Image-2026-02-05-at-9.47.42-PM-1-1200x500\"><a class=\"cz_grid_link \" href=\"https:\/\/fr.colaw.uobaghdad.edu.iq\/wp-content\/uploads\/sites\/102\/2026\/02\/WhatsApp-Image-2026-02-05-at-9.47.42-PM-1-1200x500-1.jpeg\" data-xtra-lightbox><img loading=\"lazy\" decoding=\"async\" width=\"1200\" height=\"500\" src=\"https:\/\/fr.colaw.uobaghdad.edu.iq\/wp-content\/uploads\/sites\/102\/2026\/02\/WhatsApp-Image-2026-02-05-at-9.47.42-PM-1-1200x500-1.jpeg\" class=\"attachment-codevz_1200_500\" alt=\"\" title=\"WhatsApp-Image-2026-02-05-at-9.47.42-PM-1-1200x500\" srcset=\"https:\/\/fr.colaw.uobaghdad.edu.iq\/wp-content\/uploads\/sites\/102\/2026\/02\/WhatsApp-Image-2026-02-05-at-9.47.42-PM-1-1200x500-1.jpeg 1200w, https:\/\/fr.colaw.uobaghdad.edu.iq\/wp-content\/uploads\/sites\/102\/2026\/02\/WhatsApp-Image-2026-02-05-at-9.47.42-PM-1-1200x500-1-300x125.jpeg 300w, https:\/\/fr.colaw.uobaghdad.edu.iq\/wp-content\/uploads\/sites\/102\/2026\/02\/WhatsApp-Image-2026-02-05-at-9.47.42-PM-1-1200x500-1-1024x427.jpeg 1024w, https:\/\/fr.colaw.uobaghdad.edu.iq\/wp-content\/uploads\/sites\/102\/2026\/02\/WhatsApp-Image-2026-02-05-at-9.47.42-PM-1-1200x500-1-768x320.jpeg 768w, https:\/\/fr.colaw.uobaghdad.edu.iq\/wp-content\/uploads\/sites\/102\/2026\/02\/WhatsApp-Image-2026-02-05-at-9.47.42-PM-1-1200x500-1-600x250.jpeg 600w\" sizes=\"auto, (max-width: 1200px) 100vw, 1200px\" \/><div class=\"cz_grid_details\"><i class=\"fa fa-search cz_grid_icon\"><\/i><\/div><\/a><\/div><\/div><div class=\"cz_grid_item \"><div data-title=\"WhatsApp-Image-2026-02-05-at-9.47.43-PM-1200x500\"><a class=\"cz_grid_link \" href=\"https:\/\/fr.colaw.uobaghdad.edu.iq\/wp-content\/uploads\/sites\/102\/2026\/02\/WhatsApp-Image-2026-02-05-at-9.47.43-PM-1200x500-1.jpeg\" data-xtra-lightbox><img loading=\"lazy\" decoding=\"async\" width=\"1200\" height=\"500\" src=\"https:\/\/fr.colaw.uobaghdad.edu.iq\/wp-content\/uploads\/sites\/102\/2026\/02\/WhatsApp-Image-2026-02-05-at-9.47.43-PM-1200x500-1.jpeg\" class=\"attachment-codevz_1200_500\" alt=\"\" title=\"WhatsApp-Image-2026-02-05-at-9.47.43-PM-1200x500\" srcset=\"https:\/\/fr.colaw.uobaghdad.edu.iq\/wp-content\/uploads\/sites\/102\/2026\/02\/WhatsApp-Image-2026-02-05-at-9.47.43-PM-1200x500-1.jpeg 1200w, https:\/\/fr.colaw.uobaghdad.edu.iq\/wp-content\/uploads\/sites\/102\/2026\/02\/WhatsApp-Image-2026-02-05-at-9.47.43-PM-1200x500-1-300x125.jpeg 300w, https:\/\/fr.colaw.uobaghdad.edu.iq\/wp-content\/uploads\/sites\/102\/2026\/02\/WhatsApp-Image-2026-02-05-at-9.47.43-PM-1200x500-1-1024x427.jpeg 1024w, https:\/\/fr.colaw.uobaghdad.edu.iq\/wp-content\/uploads\/sites\/102\/2026\/02\/WhatsApp-Image-2026-02-05-at-9.47.43-PM-1200x500-1-768x320.jpeg 768w, https:\/\/fr.colaw.uobaghdad.edu.iq\/wp-content\/uploads\/sites\/102\/2026\/02\/WhatsApp-Image-2026-02-05-at-9.47.43-PM-1200x500-1-600x250.jpeg 600w\" sizes=\"auto, (max-width: 1200px) 100vw, 1200px\" \/><div class=\"cz_grid_details\"><i class=\"fa fa-search cz_grid_icon\"><\/i><\/div><\/a><\/div><\/div><\/div><\/div>[\/vc_column][\/vc_row]<\/p>\n<\/div>","protected":false},"excerpt":{"rendered":"<p>[vc_row][vc_column][vc_column_text] La Facult\u00e9 de droit de l\u2019Universit\u00e9 de Bagdad a soutenu un m\u00e9moire de master intitul\u00e9 \u00ab Le r\u00e9gime juridique &#8230; <a class=\"cz_readmore cz_readmore_no_icon\" href=\"https:\/\/fr.colaw.uobaghdad.edu.iq\/?p=5376\"><span>more<\/span><\/a><\/p>\n","protected":false},"author":133,"featured_media":5378,"comment_status":"closed","ping_status":"open","sticky":false,"template":"","format":"standard","meta":{"_lmt_disableupdate":"","_lmt_disable":"","footnotes":""},"categories":[8,11],"tags":[],"class_list":["post-5376","post","type-post","status-publish","format-standard","has-post-thumbnail","hentry","category-activites-de-la-branche-de-droit-prive","category-actualites"],"yoast_head":"<!-- This site is optimized with the Yoast SEO plugin v25.8 - https:\/\/yoast.com\/wordpress\/plugins\/seo\/ -->\n<title>La Facult\u00e9 de droit soutient un m\u00e9moire de master portant sur le r\u00e9gime juridique du contrat d\u2019enseignement dans l\u2019\u00e9cole priv\u00e9e - Facult\u00e9 de droit<\/title>\n<meta name=\"robots\" content=\"index, follow, max-snippet:-1, max-image-preview:large, max-video-preview:-1\" \/>\n<link rel=\"canonical\" href=\"https:\/\/fr.colaw.uobaghdad.edu.iq\/?p=5376\" \/>\n<meta property=\"og:locale\" content=\"en_US\" \/>\n<meta property=\"og:type\" content=\"article\" \/>\n<meta property=\"og:title\" content=\"La Facult\u00e9 de droit soutient un m\u00e9moire de master portant sur le r\u00e9gime juridique du contrat d\u2019enseignement dans l\u2019\u00e9cole priv\u00e9e - Facult\u00e9 de droit\" \/>\n<meta property=\"og:description\" content=\"[vc_row][vc_column][vc_column_text] La Facult\u00e9 de droit de l\u2019Universit\u00e9 de Bagdad a soutenu un m\u00e9moire de master intitul\u00e9 \u00ab Le r\u00e9gime juridique ... more\" \/>\n<meta property=\"og:url\" content=\"https:\/\/fr.colaw.uobaghdad.edu.iq\/?p=5376\" \/>\n<meta property=\"og:site_name\" content=\"Facult\u00e9 de droit\" \/>\n<meta property=\"article:publisher\" content=\"https:\/\/www.facebook.com\/people\/---\/100076342836611\/\" \/>\n<meta property=\"article:published_time\" content=\"2026-02-09T06:46:42+00:00\" \/>\n<meta property=\"og:image\" content=\"https:\/\/fr.colaw.uobaghdad.edu.iq\/wp-content\/uploads\/sites\/102\/2026\/02\/WhatsApp-Image-2026-02-05-at-9.47.42-PM.jpeg\" \/>\n\t<meta property=\"og:image:width\" content=\"1320\" \/>\n\t<meta property=\"og:image:height\" content=\"979\" \/>\n\t<meta property=\"og:image:type\" content=\"image\/jpeg\" \/>\n<meta name=\"author\" content=\"lamia\" \/>\n<meta name=\"twitter:card\" content=\"summary_large_image\" \/>\n<meta name=\"twitter:label1\" content=\"Written by\" \/>\n\t<meta name=\"twitter:data1\" content=\"lamia\" \/>\n\t<meta name=\"twitter:label2\" content=\"Est. reading time\" \/>\n\t<meta name=\"twitter:data2\" content=\"2 minutes\" \/>\n<script type=\"application\/ld+json\" class=\"yoast-schema-graph\">{\"@context\":\"https:\/\/schema.org\",\"@graph\":[{\"@type\":\"Article\",\"@id\":\"https:\/\/fr.colaw.uobaghdad.edu.iq\/?p=5376#article\",\"isPartOf\":{\"@id\":\"https:\/\/fr.colaw.uobaghdad.edu.iq\/?p=5376\"},\"author\":{\"name\":\"lamia\",\"@id\":\"https:\/\/fr.colaw.uobaghdad.edu.iq\/#\/schema\/person\/a169696ed2cffa6f2e6a3475ecb2d626\"},\"headline\":\"La Facult\u00e9 de droit soutient un m\u00e9moire de master portant sur le r\u00e9gime juridique du contrat d\u2019enseignement dans l\u2019\u00e9cole priv\u00e9e\",\"datePublished\":\"2026-02-09T06:46:42+00:00\",\"mainEntityOfPage\":{\"@id\":\"https:\/\/fr.colaw.uobaghdad.edu.iq\/?p=5376\"},\"wordCount\":274,\"publisher\":{\"@id\":\"https:\/\/fr.colaw.uobaghdad.edu.iq\/#organization\"},\"image\":{\"@id\":\"https:\/\/fr.colaw.uobaghdad.edu.iq\/?p=5376#primaryimage\"},\"thumbnailUrl\":\"https:\/\/fr.colaw.uobaghdad.edu.iq\/wp-content\/uploads\/sites\/102\/2026\/02\/WhatsApp-Image-2026-02-05-at-9.47.42-PM.jpeg\",\"articleSection\":[\"Activit\u00e9s de la branche de droit priv\u00e9\",\"Actualit\u00e9s\"],\"inLanguage\":\"en-US\"},{\"@type\":\"WebPage\",\"@id\":\"https:\/\/fr.colaw.uobaghdad.edu.iq\/?p=5376\",\"url\":\"https:\/\/fr.colaw.uobaghdad.edu.iq\/?p=5376\",\"name\":\"La Facult\u00e9 de droit soutient un m\u00e9moire de master portant sur le r\u00e9gime juridique du contrat d\u2019enseignement dans l\u2019\u00e9cole priv\u00e9e - Facult\u00e9 de droit\",\"isPartOf\":{\"@id\":\"https:\/\/fr.colaw.uobaghdad.edu.iq\/#website\"},\"primaryImageOfPage\":{\"@id\":\"https:\/\/fr.colaw.uobaghdad.edu.iq\/?p=5376#primaryimage\"},\"image\":{\"@id\":\"https:\/\/fr.colaw.uobaghdad.edu.iq\/?p=5376#primaryimage\"},\"thumbnailUrl\":\"https:\/\/fr.colaw.uobaghdad.edu.iq\/wp-content\/uploads\/sites\/102\/2026\/02\/WhatsApp-Image-2026-02-05-at-9.47.42-PM.jpeg\",\"datePublished\":\"2026-02-09T06:46:42+00:00\",\"breadcrumb\":{\"@id\":\"https:\/\/fr.colaw.uobaghdad.edu.iq\/?p=5376#breadcrumb\"},\"inLanguage\":\"en-US\",\"potentialAction\":[{\"@type\":\"ReadAction\",\"target\":[\"https:\/\/fr.colaw.uobaghdad.edu.iq\/?p=5376\"]}]},{\"@type\":\"ImageObject\",\"inLanguage\":\"en-US\",\"@id\":\"https:\/\/fr.colaw.uobaghdad.edu.iq\/?p=5376#primaryimage\",\"url\":\"https:\/\/fr.colaw.uobaghdad.edu.iq\/wp-content\/uploads\/sites\/102\/2026\/02\/WhatsApp-Image-2026-02-05-at-9.47.42-PM.jpeg\",\"contentUrl\":\"https:\/\/fr.colaw.uobaghdad.edu.iq\/wp-content\/uploads\/sites\/102\/2026\/02\/WhatsApp-Image-2026-02-05-at-9.47.42-PM.jpeg\",\"width\":1320,\"height\":979},{\"@type\":\"BreadcrumbList\",\"@id\":\"https:\/\/fr.colaw.uobaghdad.edu.iq\/?p=5376#breadcrumb\",\"itemListElement\":[{\"@type\":\"ListItem\",\"position\":1,\"name\":\"Home\",\"item\":\"https:\/\/fr.colaw.uobaghdad.edu.iq\/\"},{\"@type\":\"ListItem\",\"position\":2,\"name\":\"La Facult\u00e9 de droit soutient un m\u00e9moire de master portant sur le r\u00e9gime juridique du contrat d\u2019enseignement dans l\u2019\u00e9cole priv\u00e9e\"}]},{\"@type\":\"WebSite\",\"@id\":\"https:\/\/fr.colaw.uobaghdad.edu.iq\/#website\",\"url\":\"https:\/\/fr.colaw.uobaghdad.edu.iq\/\",\"name\":\"Facult\u00e9 de droit\",\"description\":\"Universit\u00e9 de Bagdad\",\"publisher\":{\"@id\":\"https:\/\/fr.colaw.uobaghdad.edu.iq\/#organization\"},\"potentialAction\":[{\"@type\":\"SearchAction\",\"target\":{\"@type\":\"EntryPoint\",\"urlTemplate\":\"https:\/\/fr.colaw.uobaghdad.edu.iq\/?s={search_term_string}\"},\"query-input\":{\"@type\":\"PropertyValueSpecification\",\"valueRequired\":true,\"valueName\":\"search_term_string\"}}],\"inLanguage\":\"en-US\"},{\"@type\":\"Organization\",\"@id\":\"https:\/\/fr.colaw.uobaghdad.edu.iq\/#organization\",\"name\":\"Facult\u00e9 de droit\",\"url\":\"https:\/\/fr.colaw.uobaghdad.edu.iq\/\",\"logo\":{\"@type\":\"ImageObject\",\"inLanguage\":\"en-US\",\"@id\":\"https:\/\/fr.colaw.uobaghdad.edu.iq\/#\/schema\/logo\/image\/\",\"url\":\"https:\/\/fr.colaw.uobaghdad.edu.iq\/wp-content\/uploads\/sites\/102\/2024\/05\/WhatsApp-Image-2022-06-10-at-9.png\",\"contentUrl\":\"https:\/\/fr.colaw.uobaghdad.edu.iq\/wp-content\/uploads\/sites\/102\/2024\/05\/WhatsApp-Image-2022-06-10-at-9.png\",\"width\":874,\"height\":874,\"caption\":\"Facult\u00e9 de droit\"},\"image\":{\"@id\":\"https:\/\/fr.colaw.uobaghdad.edu.iq\/#\/schema\/logo\/image\/\"},\"sameAs\":[\"https:\/\/www.facebook.com\/people\/---\/100076342836611\/\",\"https:\/\/www.instagram.com\/baghdadlaw1908\/\",\"https:\/\/www.youtube.com\/@user-zq8ok2ib8f\/featured\",\"https:\/\/www.linkedin.com\/company\/---\/\"]},{\"@type\":\"Person\",\"@id\":\"https:\/\/fr.colaw.uobaghdad.edu.iq\/#\/schema\/person\/a169696ed2cffa6f2e6a3475ecb2d626\",\"name\":\"lamia\",\"image\":{\"@type\":\"ImageObject\",\"inLanguage\":\"en-US\",\"@id\":\"https:\/\/fr.colaw.uobaghdad.edu.iq\/#\/schema\/person\/image\/\",\"url\":\"https:\/\/secure.gravatar.com\/avatar\/96ccc437a680f3eff96c258a3d1ff5a8111098f608084109b03a339ce7cc8ba7?s=96&d=mm&r=g\",\"contentUrl\":\"https:\/\/secure.gravatar.com\/avatar\/96ccc437a680f3eff96c258a3d1ff5a8111098f608084109b03a339ce7cc8ba7?s=96&d=mm&r=g\",\"caption\":\"lamia\"},\"url\":\"https:\/\/fr.colaw.uobaghdad.edu.iq\/?author=133\"}]}<\/script>\n<!-- \/ Yoast SEO plugin. -->","yoast_head_json":{"title":"La Facult\u00e9 de droit soutient un m\u00e9moire de master portant sur le r\u00e9gime juridique du contrat d\u2019enseignement dans l\u2019\u00e9cole priv\u00e9e - Facult\u00e9 de droit","robots":{"index":"index","follow":"follow","max-snippet":"max-snippet:-1","max-image-preview":"max-image-preview:large","max-video-preview":"max-video-preview:-1"},"canonical":"https:\/\/fr.colaw.uobaghdad.edu.iq\/?p=5376","og_locale":"en_US","og_type":"article","og_title":"La Facult\u00e9 de droit soutient un m\u00e9moire de master portant sur le r\u00e9gime juridique du contrat d\u2019enseignement dans l\u2019\u00e9cole priv\u00e9e - Facult\u00e9 de droit","og_description":"[vc_row][vc_column][vc_column_text] La Facult\u00e9 de droit de l\u2019Universit\u00e9 de Bagdad a soutenu un m\u00e9moire de master intitul\u00e9 \u00ab Le r\u00e9gime juridique ... more","og_url":"https:\/\/fr.colaw.uobaghdad.edu.iq\/?p=5376","og_site_name":"Facult\u00e9 de droit","article_publisher":"https:\/\/www.facebook.com\/people\/---\/100076342836611\/","article_published_time":"2026-02-09T06:46:42+00:00","og_image":[{"width":1320,"height":979,"url":"https:\/\/fr.colaw.uobaghdad.edu.iq\/wp-content\/uploads\/sites\/102\/2026\/02\/WhatsApp-Image-2026-02-05-at-9.47.42-PM.jpeg","type":"image\/jpeg"}],"author":"lamia","twitter_card":"summary_large_image","twitter_misc":{"Written by":"lamia","Est. reading time":"2 minutes"},"schema":{"@context":"https:\/\/schema.org","@graph":[{"@type":"Article","@id":"https:\/\/fr.colaw.uobaghdad.edu.iq\/?p=5376#article","isPartOf":{"@id":"https:\/\/fr.colaw.uobaghdad.edu.iq\/?p=5376"},"author":{"name":"lamia","@id":"https:\/\/fr.colaw.uobaghdad.edu.iq\/#\/schema\/person\/a169696ed2cffa6f2e6a3475ecb2d626"},"headline":"La Facult\u00e9 de droit soutient un m\u00e9moire de master portant sur le r\u00e9gime juridique du contrat d\u2019enseignement dans l\u2019\u00e9cole priv\u00e9e","datePublished":"2026-02-09T06:46:42+00:00","mainEntityOfPage":{"@id":"https:\/\/fr.colaw.uobaghdad.edu.iq\/?p=5376"},"wordCount":274,"publisher":{"@id":"https:\/\/fr.colaw.uobaghdad.edu.iq\/#organization"},"image":{"@id":"https:\/\/fr.colaw.uobaghdad.edu.iq\/?p=5376#primaryimage"},"thumbnailUrl":"https:\/\/fr.colaw.uobaghdad.edu.iq\/wp-content\/uploads\/sites\/102\/2026\/02\/WhatsApp-Image-2026-02-05-at-9.47.42-PM.jpeg","articleSection":["Activit\u00e9s de la branche de droit priv\u00e9","Actualit\u00e9s"],"inLanguage":"en-US"},{"@type":"WebPage","@id":"https:\/\/fr.colaw.uobaghdad.edu.iq\/?p=5376","url":"https:\/\/fr.colaw.uobaghdad.edu.iq\/?p=5376","name":"La Facult\u00e9 de droit soutient un m\u00e9moire de master portant sur le r\u00e9gime juridique du contrat d\u2019enseignement dans l\u2019\u00e9cole priv\u00e9e - Facult\u00e9 de droit","isPartOf":{"@id":"https:\/\/fr.colaw.uobaghdad.edu.iq\/#website"},"primaryImageOfPage":{"@id":"https:\/\/fr.colaw.uobaghdad.edu.iq\/?p=5376#primaryimage"},"image":{"@id":"https:\/\/fr.colaw.uobaghdad.edu.iq\/?p=5376#primaryimage"},"thumbnailUrl":"https:\/\/fr.colaw.uobaghdad.edu.iq\/wp-content\/uploads\/sites\/102\/2026\/02\/WhatsApp-Image-2026-02-05-at-9.47.42-PM.jpeg","datePublished":"2026-02-09T06:46:42+00:00","breadcrumb":{"@id":"https:\/\/fr.colaw.uobaghdad.edu.iq\/?p=5376#breadcrumb"},"inLanguage":"en-US","potentialAction":[{"@type":"ReadAction","target":["https:\/\/fr.colaw.uobaghdad.edu.iq\/?p=5376"]}]},{"@type":"ImageObject","inLanguage":"en-US","@id":"https:\/\/fr.colaw.uobaghdad.edu.iq\/?p=5376#primaryimage","url":"https:\/\/fr.colaw.uobaghdad.edu.iq\/wp-content\/uploads\/sites\/102\/2026\/02\/WhatsApp-Image-2026-02-05-at-9.47.42-PM.jpeg","contentUrl":"https:\/\/fr.colaw.uobaghdad.edu.iq\/wp-content\/uploads\/sites\/102\/2026\/02\/WhatsApp-Image-2026-02-05-at-9.47.42-PM.jpeg","width":1320,"height":979},{"@type":"BreadcrumbList","@id":"https:\/\/fr.colaw.uobaghdad.edu.iq\/?p=5376#breadcrumb","itemListElement":[{"@type":"ListItem","position":1,"name":"Home","item":"https:\/\/fr.colaw.uobaghdad.edu.iq\/"},{"@type":"ListItem","position":2,"name":"La Facult\u00e9 de droit soutient un m\u00e9moire de master portant sur le r\u00e9gime juridique du contrat d\u2019enseignement dans l\u2019\u00e9cole priv\u00e9e"}]},{"@type":"WebSite","@id":"https:\/\/fr.colaw.uobaghdad.edu.iq\/#website","url":"https:\/\/fr.colaw.uobaghdad.edu.iq\/","name":"Facult\u00e9 de droit","description":"Universit\u00e9 de Bagdad","publisher":{"@id":"https:\/\/fr.colaw.uobaghdad.edu.iq\/#organization"},"potentialAction":[{"@type":"SearchAction","target":{"@type":"EntryPoint","urlTemplate":"https:\/\/fr.colaw.uobaghdad.edu.iq\/?s={search_term_string}"},"query-input":{"@type":"PropertyValueSpecification","valueRequired":true,"valueName":"search_term_string"}}],"inLanguage":"en-US"},{"@type":"Organization","@id":"https:\/\/fr.colaw.uobaghdad.edu.iq\/#organization","name":"Facult\u00e9 de droit","url":"https:\/\/fr.colaw.uobaghdad.edu.iq\/","logo":{"@type":"ImageObject","inLanguage":"en-US","@id":"https:\/\/fr.colaw.uobaghdad.edu.iq\/#\/schema\/logo\/image\/","url":"https:\/\/fr.colaw.uobaghdad.edu.iq\/wp-content\/uploads\/sites\/102\/2024\/05\/WhatsApp-Image-2022-06-10-at-9.png","contentUrl":"https:\/\/fr.colaw.uobaghdad.edu.iq\/wp-content\/uploads\/sites\/102\/2024\/05\/WhatsApp-Image-2022-06-10-at-9.png","width":874,"height":874,"caption":"Facult\u00e9 de droit"},"image":{"@id":"https:\/\/fr.colaw.uobaghdad.edu.iq\/#\/schema\/logo\/image\/"},"sameAs":["https:\/\/www.facebook.com\/people\/---\/100076342836611\/","https:\/\/www.instagram.com\/baghdadlaw1908\/","https:\/\/www.youtube.com\/@user-zq8ok2ib8f\/featured","https:\/\/www.linkedin.com\/company\/---\/"]},{"@type":"Person","@id":"https:\/\/fr.colaw.uobaghdad.edu.iq\/#\/schema\/person\/a169696ed2cffa6f2e6a3475ecb2d626","name":"lamia","image":{"@type":"ImageObject","inLanguage":"en-US","@id":"https:\/\/fr.colaw.uobaghdad.edu.iq\/#\/schema\/person\/image\/","url":"https:\/\/secure.gravatar.com\/avatar\/96ccc437a680f3eff96c258a3d1ff5a8111098f608084109b03a339ce7cc8ba7?s=96&d=mm&r=g","contentUrl":"https:\/\/secure.gravatar.com\/avatar\/96ccc437a680f3eff96c258a3d1ff5a8111098f608084109b03a339ce7cc8ba7?s=96&d=mm&r=g","caption":"lamia"},"url":"https:\/\/fr.colaw.uobaghdad.edu.iq\/?author=133"}]}},"modified_by":"lamia","_links":{"self":[{"href":"https:\/\/fr.colaw.uobaghdad.edu.iq\/index.php?rest_route=\/wp\/v2\/posts\/5376","targetHints":{"allow":["GET"]}}],"collection":[{"href":"https:\/\/fr.colaw.uobaghdad.edu.iq\/index.php?rest_route=\/wp\/v2\/posts"}],"about":[{"href":"https:\/\/fr.colaw.uobaghdad.edu.iq\/index.php?rest_route=\/wp\/v2\/types\/post"}],"author":[{"embeddable":true,"href":"https:\/\/fr.colaw.uobaghdad.edu.iq\/index.php?rest_route=\/wp\/v2\/users\/133"}],"replies":[{"embeddable":true,"href":"https:\/\/fr.colaw.uobaghdad.edu.iq\/index.php?rest_route=%2Fwp%2Fv2%2Fcomments&post=5376"}],"version-history":[{"count":1,"href":"https:\/\/fr.colaw.uobaghdad.edu.iq\/index.php?rest_route=\/wp\/v2\/posts\/5376\/revisions"}],"predecessor-version":[{"id":5381,"href":"https:\/\/fr.colaw.uobaghdad.edu.iq\/index.php?rest_route=\/wp\/v2\/posts\/5376\/revisions\/5381"}],"wp:featuredmedia":[{"embeddable":true,"href":"https:\/\/fr.colaw.uobaghdad.edu.iq\/index.php?rest_route=\/wp\/v2\/media\/5378"}],"wp:attachment":[{"href":"https:\/\/fr.colaw.uobaghdad.edu.iq\/index.php?rest_route=%2Fwp%2Fv2%2Fmedia&parent=5376"}],"wp:term":[{"taxonomy":"category","embeddable":true,"href":"https:\/\/fr.colaw.uobaghdad.edu.iq\/index.php?rest_route=%2Fwp%2Fv2%2Fcategories&post=5376"},{"taxonomy":"post_tag","embeddable":true,"href":"https:\/\/fr.colaw.uobaghdad.edu.iq\/index.php?rest_route=%2Fwp%2Fv2%2Ftags&post=5376"}],"curies":[{"name":"wp","href":"https:\/\/api.w.org\/{rel}","templated":true}]}}