{"id":5341,"date":"2026-01-31T21:01:43","date_gmt":"2026-01-31T21:01:43","guid":{"rendered":"https:\/\/fr.colaw.uobaghdad.edu.iq\/?p=5341"},"modified":"2026-01-31T21:01:43","modified_gmt":"2026-01-31T21:01:43","slug":"le-doyen-de-la-faculte-de-droit-participe-a-une-seance-du-conseil-de-luniversite-de-bagdad-pour-discuter-du-renforcement-de-la-transformation-numerique-et-de-lorganisation-des-affair","status":"publish","type":"post","link":"https:\/\/fr.colaw.uobaghdad.edu.iq\/?p=5341","title":{"rendered":"Le doyen de la Facult\u00e9 de droit participe \u00e0 une s\u00e9ance du conseil de l\u2019Universit\u00e9 de Bagdad pour discuter du renforcement de la transformation num\u00e9rique et de l\u2019organisation des affaires institutionnelles"},"content":{"rendered":"<p style=\"text-align: justify;\"><span style=\"font-size: 18px; font-family: 'Times New Roman';\"><strong>Le doyen de la Facult\u00e9 de droit de l\u2019Universit\u00e9 de Bagdad, le Prof. Dr Ali Hadi Atiya, a particip\u00e9 \u00e0 la dixi\u00e8me session du Conseil de l\u2019universit\u00e9 pour l\u2019ann\u00e9e acad\u00e9mique 2025\u20132026. La session a port\u00e9 sur des mesures visant \u00e0 renforcer la transformation num\u00e9rique, organiser les aspects scientifiques, financiers et administratifs, et am\u00e9liorer les services de paiement \u00e9lectronique. Elle a \u00e9galement abord\u00e9 le renforcement de la qualit\u00e9 scientifique des revues acad\u00e9miques gr\u00e2ce \u00e0 une participation \u00e9largie. La pr\u00e9sence du doyen refl\u00e8te l\u2019engagement de la facult\u00e9 \u00e0 contribuer activement \u00e0 la prise de d\u00e9cision et au soutien des orientations strat\u00e9giques de l\u2019universit\u00e9.<\/strong><\/span><\/p>\n","protected":false},"excerpt":{"rendered":"<p>Le doyen de la Facult\u00e9 de droit de l\u2019Universit\u00e9 de Bagdad, le Prof. Dr Ali Hadi Atiya, a particip\u00e9 \u00e0 &#8230; <a class=\"cz_readmore cz_readmore_no_icon\" href=\"https:\/\/fr.colaw.uobaghdad.edu.iq\/?p=5341\"><span>more<\/span><\/a><\/p>\n","protected":false},"author":133,"featured_media":5343,"comment_status":"closed","ping_status":"open","sticky":false,"template":"","format":"standard","meta":{"_lmt_disableupdate":"","_lmt_disable":"","footnotes":""},"categories":[8],"tags":[],"class_list":["post-5341","post","type-post","status-publish","format-standard","has-post-thumbnail","hentry","category-activites-de-la-branche-de-droit-prive"],"yoast_head":"<!-- This site is optimized with the Yoast SEO plugin v25.8 - https:\/\/yoast.com\/wordpress\/plugins\/seo\/ -->\n<title>Le doyen de la Facult\u00e9 de droit participe \u00e0 une s\u00e9ance du conseil de l\u2019Universit\u00e9 de Bagdad pour discuter du renforcement de la transformation num\u00e9rique et de l\u2019organisation des affaires institutionnelles - Facult\u00e9 de droit<\/title>\n<meta name=\"robots\" content=\"index, follow, max-snippet:-1, max-image-preview:large, max-video-preview:-1\" \/>\n<link rel=\"canonical\" href=\"https:\/\/fr.colaw.uobaghdad.edu.iq\/?p=5341\" \/>\n<meta property=\"og:locale\" content=\"en_US\" \/>\n<meta property=\"og:type\" content=\"article\" \/>\n<meta property=\"og:title\" content=\"Le doyen de la Facult\u00e9 de droit participe \u00e0 une s\u00e9ance du conseil de l\u2019Universit\u00e9 de Bagdad pour discuter du renforcement de la transformation num\u00e9rique et de l\u2019organisation des affaires institutionnelles - Facult\u00e9 de droit\" \/>\n<meta property=\"og:description\" content=\"Le doyen de la Facult\u00e9 de droit de l\u2019Universit\u00e9 de Bagdad, le Prof. Dr Ali Hadi Atiya, a particip\u00e9 \u00e0 ... more\" \/>\n<meta property=\"og:url\" content=\"https:\/\/fr.colaw.uobaghdad.edu.iq\/?p=5341\" \/>\n<meta property=\"og:site_name\" content=\"Facult\u00e9 de droit\" \/>\n<meta property=\"article:publisher\" content=\"https:\/\/www.facebook.com\/people\/---\/100076342836611\/\" \/>\n<meta property=\"article:published_time\" content=\"2026-01-31T21:01:43+00:00\" \/>\n<meta property=\"og:image\" content=\"https:\/\/fr.colaw.uobaghdad.edu.iq\/wp-content\/uploads\/sites\/102\/2026\/01\/WhatsApp-Image-2026-01-26-at-6.13.21-PM.jpeg\" \/>\n\t<meta property=\"og:image:width\" content=\"1920\" \/>\n\t<meta property=\"og:image:height\" content=\"1280\" \/>\n\t<meta property=\"og:image:type\" content=\"image\/jpeg\" \/>\n<meta name=\"author\" content=\"lamia\" \/>\n<meta name=\"twitter:card\" content=\"summary_large_image\" \/>\n<meta name=\"twitter:label1\" content=\"Written by\" \/>\n\t<meta name=\"twitter:data1\" content=\"lamia\" \/>\n\t<meta name=\"twitter:label2\" content=\"Est. reading time\" \/>\n\t<meta name=\"twitter:data2\" content=\"1 minute\" \/>\n<script type=\"application\/ld+json\" class=\"yoast-schema-graph\">{\"@context\":\"https:\/\/schema.org\",\"@graph\":[{\"@type\":\"Article\",\"@id\":\"https:\/\/fr.colaw.uobaghdad.edu.iq\/?p=5341#article\",\"isPartOf\":{\"@id\":\"https:\/\/fr.colaw.uobaghdad.edu.iq\/?p=5341\"},\"author\":{\"name\":\"lamia\",\"@id\":\"https:\/\/fr.colaw.uobaghdad.edu.iq\/#\/schema\/person\/a169696ed2cffa6f2e6a3475ecb2d626\"},\"headline\":\"Le doyen de la Facult\u00e9 de droit participe \u00e0 une s\u00e9ance du conseil de l\u2019Universit\u00e9 de Bagdad pour discuter du renforcement de la transformation num\u00e9rique et de l\u2019organisation des affaires institutionnelles\",\"datePublished\":\"2026-01-31T21:01:43+00:00\",\"mainEntityOfPage\":{\"@id\":\"https:\/\/fr.colaw.uobaghdad.edu.iq\/?p=5341\"},\"wordCount\":145,\"publisher\":{\"@id\":\"https:\/\/fr.colaw.uobaghdad.edu.iq\/#organization\"},\"image\":{\"@id\":\"https:\/\/fr.colaw.uobaghdad.edu.iq\/?p=5341#primaryimage\"},\"thumbnailUrl\":\"https:\/\/fr.colaw.uobaghdad.edu.iq\/wp-content\/uploads\/sites\/102\/2026\/01\/WhatsApp-Image-2026-01-26-at-6.13.21-PM.jpeg\",\"articleSection\":[\"Activit\u00e9s de la branche de droit priv\u00e9\"],\"inLanguage\":\"en-US\"},{\"@type\":\"WebPage\",\"@id\":\"https:\/\/fr.colaw.uobaghdad.edu.iq\/?p=5341\",\"url\":\"https:\/\/fr.colaw.uobaghdad.edu.iq\/?p=5341\",\"name\":\"Le doyen de la Facult\u00e9 de droit participe \u00e0 une s\u00e9ance du conseil de l\u2019Universit\u00e9 de Bagdad pour discuter du renforcement de la transformation num\u00e9rique et de l\u2019organisation des affaires institutionnelles - Facult\u00e9 de droit\",\"isPartOf\":{\"@id\":\"https:\/\/fr.colaw.uobaghdad.edu.iq\/#website\"},\"primaryImageOfPage\":{\"@id\":\"https:\/\/fr.colaw.uobaghdad.edu.iq\/?p=5341#primaryimage\"},\"image\":{\"@id\":\"https:\/\/fr.colaw.uobaghdad.edu.iq\/?p=5341#primaryimage\"},\"thumbnailUrl\":\"https:\/\/fr.colaw.uobaghdad.edu.iq\/wp-content\/uploads\/sites\/102\/2026\/01\/WhatsApp-Image-2026-01-26-at-6.13.21-PM.jpeg\",\"datePublished\":\"2026-01-31T21:01:43+00:00\",\"breadcrumb\":{\"@id\":\"https:\/\/fr.colaw.uobaghdad.edu.iq\/?p=5341#breadcrumb\"},\"inLanguage\":\"en-US\",\"potentialAction\":[{\"@type\":\"ReadAction\",\"target\":[\"https:\/\/fr.colaw.uobaghdad.edu.iq\/?p=5341\"]}]},{\"@type\":\"ImageObject\",\"inLanguage\":\"en-US\",\"@id\":\"https:\/\/fr.colaw.uobaghdad.edu.iq\/?p=5341#primaryimage\",\"url\":\"https:\/\/fr.colaw.uobaghdad.edu.iq\/wp-content\/uploads\/sites\/102\/2026\/01\/WhatsApp-Image-2026-01-26-at-6.13.21-PM.jpeg\",\"contentUrl\":\"https:\/\/fr.colaw.uobaghdad.edu.iq\/wp-content\/uploads\/sites\/102\/2026\/01\/WhatsApp-Image-2026-01-26-at-6.13.21-PM.jpeg\",\"width\":1920,\"height\":1280},{\"@type\":\"BreadcrumbList\",\"@id\":\"https:\/\/fr.colaw.uobaghdad.edu.iq\/?p=5341#breadcrumb\",\"itemListElement\":[{\"@type\":\"ListItem\",\"position\":1,\"name\":\"Home\",\"item\":\"https:\/\/fr.colaw.uobaghdad.edu.iq\/\"},{\"@type\":\"ListItem\",\"position\":2,\"name\":\"Le doyen de la Facult\u00e9 de droit participe \u00e0 une s\u00e9ance du conseil de l\u2019Universit\u00e9 de Bagdad pour discuter du renforcement de la transformation num\u00e9rique et de l\u2019organisation des affaires institutionnelles\"}]},{\"@type\":\"WebSite\",\"@id\":\"https:\/\/fr.colaw.uobaghdad.edu.iq\/#website\",\"url\":\"https:\/\/fr.colaw.uobaghdad.edu.iq\/\",\"name\":\"Facult\u00e9 de droit\",\"description\":\"Universit\u00e9 de Bagdad\",\"publisher\":{\"@id\":\"https:\/\/fr.colaw.uobaghdad.edu.iq\/#organization\"},\"potentialAction\":[{\"@type\":\"SearchAction\",\"target\":{\"@type\":\"EntryPoint\",\"urlTemplate\":\"https:\/\/fr.colaw.uobaghdad.edu.iq\/?s={search_term_string}\"},\"query-input\":{\"@type\":\"PropertyValueSpecification\",\"valueRequired\":true,\"valueName\":\"search_term_string\"}}],\"inLanguage\":\"en-US\"},{\"@type\":\"Organization\",\"@id\":\"https:\/\/fr.colaw.uobaghdad.edu.iq\/#organization\",\"name\":\"Facult\u00e9 de droit\",\"url\":\"https:\/\/fr.colaw.uobaghdad.edu.iq\/\",\"logo\":{\"@type\":\"ImageObject\",\"inLanguage\":\"en-US\",\"@id\":\"https:\/\/fr.colaw.uobaghdad.edu.iq\/#\/schema\/logo\/image\/\",\"url\":\"https:\/\/fr.colaw.uobaghdad.edu.iq\/wp-content\/uploads\/sites\/102\/2024\/05\/WhatsApp-Image-2022-06-10-at-9.png\",\"contentUrl\":\"https:\/\/fr.colaw.uobaghdad.edu.iq\/wp-content\/uploads\/sites\/102\/2024\/05\/WhatsApp-Image-2022-06-10-at-9.png\",\"width\":874,\"height\":874,\"caption\":\"Facult\u00e9 de droit\"},\"image\":{\"@id\":\"https:\/\/fr.colaw.uobaghdad.edu.iq\/#\/schema\/logo\/image\/\"},\"sameAs\":[\"https:\/\/www.facebook.com\/people\/---\/100076342836611\/\",\"https:\/\/www.instagram.com\/baghdadlaw1908\/\",\"https:\/\/www.youtube.com\/@user-zq8ok2ib8f\/featured\",\"https:\/\/www.linkedin.com\/company\/---\/\"]},{\"@type\":\"Person\",\"@id\":\"https:\/\/fr.colaw.uobaghdad.edu.iq\/#\/schema\/person\/a169696ed2cffa6f2e6a3475ecb2d626\",\"name\":\"lamia\",\"image\":{\"@type\":\"ImageObject\",\"inLanguage\":\"en-US\",\"@id\":\"https:\/\/fr.colaw.uobaghdad.edu.iq\/#\/schema\/person\/image\/\",\"url\":\"https:\/\/secure.gravatar.com\/avatar\/96ccc437a680f3eff96c258a3d1ff5a8111098f608084109b03a339ce7cc8ba7?s=96&d=mm&r=g\",\"contentUrl\":\"https:\/\/secure.gravatar.com\/avatar\/96ccc437a680f3eff96c258a3d1ff5a8111098f608084109b03a339ce7cc8ba7?s=96&d=mm&r=g\",\"caption\":\"lamia\"},\"url\":\"https:\/\/fr.colaw.uobaghdad.edu.iq\/?author=133\"}]}<\/script>\n<!-- \/ Yoast SEO plugin. -->","yoast_head_json":{"title":"Le doyen de la Facult\u00e9 de droit participe \u00e0 une s\u00e9ance du conseil de l\u2019Universit\u00e9 de Bagdad pour discuter du renforcement de la transformation num\u00e9rique et de l\u2019organisation des affaires institutionnelles - Facult\u00e9 de droit","robots":{"index":"index","follow":"follow","max-snippet":"max-snippet:-1","max-image-preview":"max-image-preview:large","max-video-preview":"max-video-preview:-1"},"canonical":"https:\/\/fr.colaw.uobaghdad.edu.iq\/?p=5341","og_locale":"en_US","og_type":"article","og_title":"Le doyen de la Facult\u00e9 de droit participe \u00e0 une s\u00e9ance du conseil de l\u2019Universit\u00e9 de Bagdad pour discuter du renforcement de la transformation num\u00e9rique et de l\u2019organisation des affaires institutionnelles - Facult\u00e9 de droit","og_description":"Le doyen de la Facult\u00e9 de droit de l\u2019Universit\u00e9 de Bagdad, le Prof. Dr Ali Hadi Atiya, a particip\u00e9 \u00e0 ... more","og_url":"https:\/\/fr.colaw.uobaghdad.edu.iq\/?p=5341","og_site_name":"Facult\u00e9 de droit","article_publisher":"https:\/\/www.facebook.com\/people\/---\/100076342836611\/","article_published_time":"2026-01-31T21:01:43+00:00","og_image":[{"width":1920,"height":1280,"url":"https:\/\/fr.colaw.uobaghdad.edu.iq\/wp-content\/uploads\/sites\/102\/2026\/01\/WhatsApp-Image-2026-01-26-at-6.13.21-PM.jpeg","type":"image\/jpeg"}],"author":"lamia","twitter_card":"summary_large_image","twitter_misc":{"Written by":"lamia","Est. reading time":"1 minute"},"schema":{"@context":"https:\/\/schema.org","@graph":[{"@type":"Article","@id":"https:\/\/fr.colaw.uobaghdad.edu.iq\/?p=5341#article","isPartOf":{"@id":"https:\/\/fr.colaw.uobaghdad.edu.iq\/?p=5341"},"author":{"name":"lamia","@id":"https:\/\/fr.colaw.uobaghdad.edu.iq\/#\/schema\/person\/a169696ed2cffa6f2e6a3475ecb2d626"},"headline":"Le doyen de la Facult\u00e9 de droit participe \u00e0 une s\u00e9ance du conseil de l\u2019Universit\u00e9 de Bagdad pour discuter du renforcement de la transformation num\u00e9rique et de l\u2019organisation des affaires institutionnelles","datePublished":"2026-01-31T21:01:43+00:00","mainEntityOfPage":{"@id":"https:\/\/fr.colaw.uobaghdad.edu.iq\/?p=5341"},"wordCount":145,"publisher":{"@id":"https:\/\/fr.colaw.uobaghdad.edu.iq\/#organization"},"image":{"@id":"https:\/\/fr.colaw.uobaghdad.edu.iq\/?p=5341#primaryimage"},"thumbnailUrl":"https:\/\/fr.colaw.uobaghdad.edu.iq\/wp-content\/uploads\/sites\/102\/2026\/01\/WhatsApp-Image-2026-01-26-at-6.13.21-PM.jpeg","articleSection":["Activit\u00e9s de la branche de droit priv\u00e9"],"inLanguage":"en-US"},{"@type":"WebPage","@id":"https:\/\/fr.colaw.uobaghdad.edu.iq\/?p=5341","url":"https:\/\/fr.colaw.uobaghdad.edu.iq\/?p=5341","name":"Le doyen de la Facult\u00e9 de droit participe \u00e0 une s\u00e9ance du conseil de l\u2019Universit\u00e9 de Bagdad pour discuter du renforcement de la transformation num\u00e9rique et de l\u2019organisation des affaires institutionnelles - Facult\u00e9 de droit","isPartOf":{"@id":"https:\/\/fr.colaw.uobaghdad.edu.iq\/#website"},"primaryImageOfPage":{"@id":"https:\/\/fr.colaw.uobaghdad.edu.iq\/?p=5341#primaryimage"},"image":{"@id":"https:\/\/fr.colaw.uobaghdad.edu.iq\/?p=5341#primaryimage"},"thumbnailUrl":"https:\/\/fr.colaw.uobaghdad.edu.iq\/wp-content\/uploads\/sites\/102\/2026\/01\/WhatsApp-Image-2026-01-26-at-6.13.21-PM.jpeg","datePublished":"2026-01-31T21:01:43+00:00","breadcrumb":{"@id":"https:\/\/fr.colaw.uobaghdad.edu.iq\/?p=5341#breadcrumb"},"inLanguage":"en-US","potentialAction":[{"@type":"ReadAction","target":["https:\/\/fr.colaw.uobaghdad.edu.iq\/?p=5341"]}]},{"@type":"ImageObject","inLanguage":"en-US","@id":"https:\/\/fr.colaw.uobaghdad.edu.iq\/?p=5341#primaryimage","url":"https:\/\/fr.colaw.uobaghdad.edu.iq\/wp-content\/uploads\/sites\/102\/2026\/01\/WhatsApp-Image-2026-01-26-at-6.13.21-PM.jpeg","contentUrl":"https:\/\/fr.colaw.uobaghdad.edu.iq\/wp-content\/uploads\/sites\/102\/2026\/01\/WhatsApp-Image-2026-01-26-at-6.13.21-PM.jpeg","width":1920,"height":1280},{"@type":"BreadcrumbList","@id":"https:\/\/fr.colaw.uobaghdad.edu.iq\/?p=5341#breadcrumb","itemListElement":[{"@type":"ListItem","position":1,"name":"Home","item":"https:\/\/fr.colaw.uobaghdad.edu.iq\/"},{"@type":"ListItem","position":2,"name":"Le doyen de la Facult\u00e9 de droit participe \u00e0 une s\u00e9ance du conseil de l\u2019Universit\u00e9 de Bagdad pour discuter du renforcement de la transformation num\u00e9rique et de l\u2019organisation des affaires institutionnelles"}]},{"@type":"WebSite","@id":"https:\/\/fr.colaw.uobaghdad.edu.iq\/#website","url":"https:\/\/fr.colaw.uobaghdad.edu.iq\/","name":"Facult\u00e9 de droit","description":"Universit\u00e9 de Bagdad","publisher":{"@id":"https:\/\/fr.colaw.uobaghdad.edu.iq\/#organization"},"potentialAction":[{"@type":"SearchAction","target":{"@type":"EntryPoint","urlTemplate":"https:\/\/fr.colaw.uobaghdad.edu.iq\/?s={search_term_string}"},"query-input":{"@type":"PropertyValueSpecification","valueRequired":true,"valueName":"search_term_string"}}],"inLanguage":"en-US"},{"@type":"Organization","@id":"https:\/\/fr.colaw.uobaghdad.edu.iq\/#organization","name":"Facult\u00e9 de droit","url":"https:\/\/fr.colaw.uobaghdad.edu.iq\/","logo":{"@type":"ImageObject","inLanguage":"en-US","@id":"https:\/\/fr.colaw.uobaghdad.edu.iq\/#\/schema\/logo\/image\/","url":"https:\/\/fr.colaw.uobaghdad.edu.iq\/wp-content\/uploads\/sites\/102\/2024\/05\/WhatsApp-Image-2022-06-10-at-9.png","contentUrl":"https:\/\/fr.colaw.uobaghdad.edu.iq\/wp-content\/uploads\/sites\/102\/2024\/05\/WhatsApp-Image-2022-06-10-at-9.png","width":874,"height":874,"caption":"Facult\u00e9 de droit"},"image":{"@id":"https:\/\/fr.colaw.uobaghdad.edu.iq\/#\/schema\/logo\/image\/"},"sameAs":["https:\/\/www.facebook.com\/people\/---\/100076342836611\/","https:\/\/www.instagram.com\/baghdadlaw1908\/","https:\/\/www.youtube.com\/@user-zq8ok2ib8f\/featured","https:\/\/www.linkedin.com\/company\/---\/"]},{"@type":"Person","@id":"https:\/\/fr.colaw.uobaghdad.edu.iq\/#\/schema\/person\/a169696ed2cffa6f2e6a3475ecb2d626","name":"lamia","image":{"@type":"ImageObject","inLanguage":"en-US","@id":"https:\/\/fr.colaw.uobaghdad.edu.iq\/#\/schema\/person\/image\/","url":"https:\/\/secure.gravatar.com\/avatar\/96ccc437a680f3eff96c258a3d1ff5a8111098f608084109b03a339ce7cc8ba7?s=96&d=mm&r=g","contentUrl":"https:\/\/secure.gravatar.com\/avatar\/96ccc437a680f3eff96c258a3d1ff5a8111098f608084109b03a339ce7cc8ba7?s=96&d=mm&r=g","caption":"lamia"},"url":"https:\/\/fr.colaw.uobaghdad.edu.iq\/?author=133"}]}},"modified_by":"lamia","_links":{"self":[{"href":"https:\/\/fr.colaw.uobaghdad.edu.iq\/index.php?rest_route=\/wp\/v2\/posts\/5341","targetHints":{"allow":["GET"]}}],"collection":[{"href":"https:\/\/fr.colaw.uobaghdad.edu.iq\/index.php?rest_route=\/wp\/v2\/posts"}],"about":[{"href":"https:\/\/fr.colaw.uobaghdad.edu.iq\/index.php?rest_route=\/wp\/v2\/types\/post"}],"author":[{"embeddable":true,"href":"https:\/\/fr.colaw.uobaghdad.edu.iq\/index.php?rest_route=\/wp\/v2\/users\/133"}],"replies":[{"embeddable":true,"href":"https:\/\/fr.colaw.uobaghdad.edu.iq\/index.php?rest_route=%2Fwp%2Fv2%2Fcomments&post=5341"}],"version-history":[{"count":1,"href":"https:\/\/fr.colaw.uobaghdad.edu.iq\/index.php?rest_route=\/wp\/v2\/posts\/5341\/revisions"}],"predecessor-version":[{"id":5344,"href":"https:\/\/fr.colaw.uobaghdad.edu.iq\/index.php?rest_route=\/wp\/v2\/posts\/5341\/revisions\/5344"}],"wp:featuredmedia":[{"embeddable":true,"href":"https:\/\/fr.colaw.uobaghdad.edu.iq\/index.php?rest_route=\/wp\/v2\/media\/5343"}],"wp:attachment":[{"href":"https:\/\/fr.colaw.uobaghdad.edu.iq\/index.php?rest_route=%2Fwp%2Fv2%2Fmedia&parent=5341"}],"wp:term":[{"taxonomy":"category","embeddable":true,"href":"https:\/\/fr.colaw.uobaghdad.edu.iq\/index.php?rest_route=%2Fwp%2Fv2%2Fcategories&post=5341"},{"taxonomy":"post_tag","embeddable":true,"href":"https:\/\/fr.colaw.uobaghdad.edu.iq\/index.php?rest_route=%2Fwp%2Fv2%2Ftags&post=5341"}],"curies":[{"name":"wp","href":"https:\/\/api.w.org\/{rel}","templated":true}]}}