{"id":5135,"date":"2025-11-30T18:56:24","date_gmt":"2025-11-30T18:56:24","guid":{"rendered":"https:\/\/fr.colaw.uobaghdad.edu.iq\/?p=5135"},"modified":"2025-11-30T18:56:24","modified_gmt":"2025-11-30T18:56:24","slug":"la-faculte-de-droit-universite-de-bagdad-organise-un-seminaire-intitule-la-justice-constitutionnelle-en-irak-entre-abstention-et-inconstitutionnalite","status":"publish","type":"post","link":"https:\/\/fr.colaw.uobaghdad.edu.iq\/?p=5135","title":{"rendered":"La Facult\u00e9 de Droit \u2013 Universit\u00e9 de Bagdad organise un s\u00e9minaire intitul\u00e9 : \u00ab La justice constitutionnelle en Irak entre abstention et inconstitutionnalit\u00e9 \u00bb"},"content":{"rendered":"<div class=\"wpb-content-wrapper\"><p>[vc_row][vc_column][vc_column_text]<\/p>\n<p style=\"text-align: justify;\"><span style=\"font-family: 'Times New Roman'; font-size: 18px;\"><strong>Le D\u00e9partement de droit public de la Facult\u00e9 de droit \u2013 Universit\u00e9 de Bagdad a organis\u00e9 un s\u00e9minaire scientifique intitul\u00e9 \u00ab Le contr\u00f4le constitutionnel en Irak : entre abstention et inconstitutionnalit\u00e9 \u00bb, pr\u00e9sent\u00e9 par Dr. Sura Harith Abd Karim, le jeudi 27\/11\/2025.<\/strong><\/span><\/p>\n<p style=\"text-align: justify;\"><span style=\"font-family: 'Times New Roman'; font-size: 18px;\"><strong>Le s\u00e9minaire a retrac\u00e9 l\u2019\u00e9volution du contr\u00f4le de constitutionnalit\u00e9 en Irak depuis 1921 jusqu\u2019\u00e0 aujourd\u2019hui, en trois phases :<\/strong><\/span><br \/>\n<span style=\"font-family: 'Times New Roman'; font-size: 18px;\"><strong>1. Premi\u00e8re phase : pr\u00e9sence de textes et d\u2019institutions de contr\u00f4le (loi fondamentale de 1925, Constitution de 1968), mais r\u00f4le limit\u00e9.<\/strong><\/span><br \/>\n<span style=\"font-family: 'Times New Roman'; font-size: 18px;\"><strong>2. Deuxi\u00e8me phase : absence de base constitutionnelle sous les constitutions provisoires et de coups d\u2019\u00c9tat (ex. Constitution de 1970), avec quasi absence de contr\u00f4le judiciaire.<\/strong><\/span><br \/>\n<span style=\"font-family: 'Times New Roman'; font-size: 18px;\"><strong>3. Troisi\u00e8me phase : cr\u00e9ation d\u2019un tribunal constitutionnel sp\u00e9cialis\u00e9 \u00e0 partir de la loi de gestion de l\u2019\u00c9tat de 2004 et la Constitution de 2005, permettant \u00e0 la Cour supr\u00eame f\u00e9d\u00e9rale de contr\u00f4ler et d\u2019annuler les lois contraires \u00e0 la Constitution.<\/strong><\/span>[\/vc_column_text][\/vc_column][\/vc_row][vc_row][vc_column]<div id=\"cz_91448\" class=\"cz_grid_p cz_91448\"><div class=\"cz_grid cz_grid_1 clr cz_grid_c2 cz_grid_l2 cz_grid_1_no_title cz_grid_1_mid tac\"><div class=\"cz_grid_item cz_grid_first\"><\/div><div class=\"cz_grid_item \"><div data-title=\"WhatsApp-Image-2025-11-27-at-8.20.42-PM-1-1200x500\"><a class=\"cz_grid_link \" href=\"https:\/\/fr.colaw.uobaghdad.edu.iq\/wp-content\/uploads\/sites\/102\/2025\/11\/WhatsApp-Image-2025-11-27-at-8.20.42-PM-1-1200x500-1.jpeg\" data-xtra-lightbox><img loading=\"lazy\" decoding=\"async\" width=\"1200\" height=\"500\" src=\"https:\/\/fr.colaw.uobaghdad.edu.iq\/wp-content\/uploads\/sites\/102\/2025\/11\/WhatsApp-Image-2025-11-27-at-8.20.42-PM-1-1200x500-1.jpeg\" class=\"attachment-codevz_1200_500\" alt=\"\" title=\"WhatsApp-Image-2025-11-27-at-8.20.42-PM-1-1200x500\" srcset=\"https:\/\/fr.colaw.uobaghdad.edu.iq\/wp-content\/uploads\/sites\/102\/2025\/11\/WhatsApp-Image-2025-11-27-at-8.20.42-PM-1-1200x500-1.jpeg 1200w, https:\/\/fr.colaw.uobaghdad.edu.iq\/wp-content\/uploads\/sites\/102\/2025\/11\/WhatsApp-Image-2025-11-27-at-8.20.42-PM-1-1200x500-1-300x125.jpeg 300w, https:\/\/fr.colaw.uobaghdad.edu.iq\/wp-content\/uploads\/sites\/102\/2025\/11\/WhatsApp-Image-2025-11-27-at-8.20.42-PM-1-1200x500-1-1024x427.jpeg 1024w, https:\/\/fr.colaw.uobaghdad.edu.iq\/wp-content\/uploads\/sites\/102\/2025\/11\/WhatsApp-Image-2025-11-27-at-8.20.42-PM-1-1200x500-1-768x320.jpeg 768w, https:\/\/fr.colaw.uobaghdad.edu.iq\/wp-content\/uploads\/sites\/102\/2025\/11\/WhatsApp-Image-2025-11-27-at-8.20.42-PM-1-1200x500-1-600x250.jpeg 600w\" sizes=\"auto, (max-width: 1200px) 100vw, 1200px\" \/><div class=\"cz_grid_details\"><i class=\"fa fa-search cz_grid_icon\"><\/i><\/div><\/a><\/div><\/div><div class=\"cz_grid_item \"><div data-title=\"WhatsApp-Image-2025-11-27-at-8.20.43-PM-1200x500\"><a class=\"cz_grid_link \" href=\"https:\/\/fr.colaw.uobaghdad.edu.iq\/wp-content\/uploads\/sites\/102\/2025\/11\/WhatsApp-Image-2025-11-27-at-8.20.43-PM-1200x500-1.jpeg\" data-xtra-lightbox><img loading=\"lazy\" decoding=\"async\" width=\"1200\" height=\"500\" src=\"https:\/\/fr.colaw.uobaghdad.edu.iq\/wp-content\/uploads\/sites\/102\/2025\/11\/WhatsApp-Image-2025-11-27-at-8.20.43-PM-1200x500-1.jpeg\" class=\"attachment-codevz_1200_500\" alt=\"\" title=\"WhatsApp-Image-2025-11-27-at-8.20.43-PM-1200x500\" srcset=\"https:\/\/fr.colaw.uobaghdad.edu.iq\/wp-content\/uploads\/sites\/102\/2025\/11\/WhatsApp-Image-2025-11-27-at-8.20.43-PM-1200x500-1.jpeg 1200w, https:\/\/fr.colaw.uobaghdad.edu.iq\/wp-content\/uploads\/sites\/102\/2025\/11\/WhatsApp-Image-2025-11-27-at-8.20.43-PM-1200x500-1-300x125.jpeg 300w, https:\/\/fr.colaw.uobaghdad.edu.iq\/wp-content\/uploads\/sites\/102\/2025\/11\/WhatsApp-Image-2025-11-27-at-8.20.43-PM-1200x500-1-1024x427.jpeg 1024w, https:\/\/fr.colaw.uobaghdad.edu.iq\/wp-content\/uploads\/sites\/102\/2025\/11\/WhatsApp-Image-2025-11-27-at-8.20.43-PM-1200x500-1-768x320.jpeg 768w, https:\/\/fr.colaw.uobaghdad.edu.iq\/wp-content\/uploads\/sites\/102\/2025\/11\/WhatsApp-Image-2025-11-27-at-8.20.43-PM-1200x500-1-600x250.jpeg 600w\" sizes=\"auto, (max-width: 1200px) 100vw, 1200px\" \/><div class=\"cz_grid_details\"><i class=\"fa fa-search cz_grid_icon\"><\/i><\/div><\/a><\/div><\/div><\/div><\/div>[\/vc_column][\/vc_row]<\/p>\n<\/div>","protected":false},"excerpt":{"rendered":"<p>[vc_row][vc_column][vc_column_text] Le D\u00e9partement de droit public de la Facult\u00e9 de droit \u2013 Universit\u00e9 de Bagdad a organis\u00e9 un s\u00e9minaire scientifique &#8230; <a class=\"cz_readmore cz_readmore_no_icon\" href=\"https:\/\/fr.colaw.uobaghdad.edu.iq\/?p=5135\"><span>more<\/span><\/a><\/p>\n","protected":false},"author":133,"featured_media":5137,"comment_status":"closed","ping_status":"open","sticky":false,"template":"","format":"standard","meta":{"_lmt_disableupdate":"","_lmt_disable":"","footnotes":""},"categories":[7,11],"tags":[],"class_list":["post-5135","post","type-post","status-publish","format-standard","has-post-thumbnail","hentry","category-activites-de-la-branche-de-droit-public","category-actualites"],"yoast_head":"<!-- This site is optimized with the Yoast SEO plugin v25.8 - https:\/\/yoast.com\/wordpress\/plugins\/seo\/ -->\n<title>La Facult\u00e9 de Droit \u2013 Universit\u00e9 de Bagdad organise un s\u00e9minaire intitul\u00e9 : \u00ab La justice constitutionnelle en Irak entre abstention et inconstitutionnalit\u00e9 \u00bb - Facult\u00e9 de droit<\/title>\n<meta name=\"robots\" content=\"index, follow, max-snippet:-1, max-image-preview:large, max-video-preview:-1\" \/>\n<link rel=\"canonical\" href=\"https:\/\/fr.colaw.uobaghdad.edu.iq\/?p=5135\" \/>\n<meta property=\"og:locale\" content=\"en_US\" \/>\n<meta property=\"og:type\" content=\"article\" \/>\n<meta property=\"og:title\" content=\"La Facult\u00e9 de Droit \u2013 Universit\u00e9 de Bagdad organise un s\u00e9minaire intitul\u00e9 : \u00ab La justice constitutionnelle en Irak entre abstention et inconstitutionnalit\u00e9 \u00bb - Facult\u00e9 de droit\" \/>\n<meta property=\"og:description\" content=\"[vc_row][vc_column][vc_column_text] Le D\u00e9partement de droit public de la Facult\u00e9 de droit \u2013 Universit\u00e9 de Bagdad a organis\u00e9 un s\u00e9minaire scientifique ... more\" \/>\n<meta property=\"og:url\" content=\"https:\/\/fr.colaw.uobaghdad.edu.iq\/?p=5135\" \/>\n<meta property=\"og:site_name\" content=\"Facult\u00e9 de droit\" \/>\n<meta property=\"article:publisher\" content=\"https:\/\/www.facebook.com\/people\/---\/100076342836611\/\" \/>\n<meta property=\"article:published_time\" content=\"2025-11-30T18:56:24+00:00\" \/>\n<meta property=\"og:image\" content=\"https:\/\/fr.colaw.uobaghdad.edu.iq\/wp-content\/uploads\/sites\/102\/2025\/11\/WhatsApp-Image-2025-11-27-at-8.20.43-PM-1.jpeg\" \/>\n\t<meta property=\"og:image:width\" content=\"1600\" \/>\n\t<meta property=\"og:image:height\" content=\"899\" \/>\n\t<meta property=\"og:image:type\" content=\"image\/jpeg\" \/>\n<meta name=\"author\" content=\"lamia\" \/>\n<meta name=\"twitter:card\" content=\"summary_large_image\" \/>\n<meta name=\"twitter:label1\" content=\"Written by\" \/>\n\t<meta name=\"twitter:data1\" content=\"lamia\" \/>\n\t<meta name=\"twitter:label2\" content=\"Est. reading time\" \/>\n\t<meta name=\"twitter:data2\" content=\"1 minute\" \/>\n<script type=\"application\/ld+json\" class=\"yoast-schema-graph\">{\"@context\":\"https:\/\/schema.org\",\"@graph\":[{\"@type\":\"Article\",\"@id\":\"https:\/\/fr.colaw.uobaghdad.edu.iq\/?p=5135#article\",\"isPartOf\":{\"@id\":\"https:\/\/fr.colaw.uobaghdad.edu.iq\/?p=5135\"},\"author\":{\"name\":\"lamia\",\"@id\":\"https:\/\/fr.colaw.uobaghdad.edu.iq\/#\/schema\/person\/a169696ed2cffa6f2e6a3475ecb2d626\"},\"headline\":\"La Facult\u00e9 de Droit \u2013 Universit\u00e9 de Bagdad organise un s\u00e9minaire intitul\u00e9 : \u00ab La justice constitutionnelle en Irak entre abstention et inconstitutionnalit\u00e9 \u00bb\",\"datePublished\":\"2025-11-30T18:56:24+00:00\",\"mainEntityOfPage\":{\"@id\":\"https:\/\/fr.colaw.uobaghdad.edu.iq\/?p=5135\"},\"wordCount\":210,\"publisher\":{\"@id\":\"https:\/\/fr.colaw.uobaghdad.edu.iq\/#organization\"},\"image\":{\"@id\":\"https:\/\/fr.colaw.uobaghdad.edu.iq\/?p=5135#primaryimage\"},\"thumbnailUrl\":\"https:\/\/fr.colaw.uobaghdad.edu.iq\/wp-content\/uploads\/sites\/102\/2025\/11\/WhatsApp-Image-2025-11-27-at-8.20.43-PM-1.jpeg\",\"articleSection\":[\"Activit\u00e9s de la branche de droit public\",\"Actualit\u00e9s\"],\"inLanguage\":\"en-US\"},{\"@type\":\"WebPage\",\"@id\":\"https:\/\/fr.colaw.uobaghdad.edu.iq\/?p=5135\",\"url\":\"https:\/\/fr.colaw.uobaghdad.edu.iq\/?p=5135\",\"name\":\"La Facult\u00e9 de Droit \u2013 Universit\u00e9 de Bagdad organise un s\u00e9minaire intitul\u00e9 : \u00ab La justice constitutionnelle en Irak entre abstention et inconstitutionnalit\u00e9 \u00bb - Facult\u00e9 de droit\",\"isPartOf\":{\"@id\":\"https:\/\/fr.colaw.uobaghdad.edu.iq\/#website\"},\"primaryImageOfPage\":{\"@id\":\"https:\/\/fr.colaw.uobaghdad.edu.iq\/?p=5135#primaryimage\"},\"image\":{\"@id\":\"https:\/\/fr.colaw.uobaghdad.edu.iq\/?p=5135#primaryimage\"},\"thumbnailUrl\":\"https:\/\/fr.colaw.uobaghdad.edu.iq\/wp-content\/uploads\/sites\/102\/2025\/11\/WhatsApp-Image-2025-11-27-at-8.20.43-PM-1.jpeg\",\"datePublished\":\"2025-11-30T18:56:24+00:00\",\"breadcrumb\":{\"@id\":\"https:\/\/fr.colaw.uobaghdad.edu.iq\/?p=5135#breadcrumb\"},\"inLanguage\":\"en-US\",\"potentialAction\":[{\"@type\":\"ReadAction\",\"target\":[\"https:\/\/fr.colaw.uobaghdad.edu.iq\/?p=5135\"]}]},{\"@type\":\"ImageObject\",\"inLanguage\":\"en-US\",\"@id\":\"https:\/\/fr.colaw.uobaghdad.edu.iq\/?p=5135#primaryimage\",\"url\":\"https:\/\/fr.colaw.uobaghdad.edu.iq\/wp-content\/uploads\/sites\/102\/2025\/11\/WhatsApp-Image-2025-11-27-at-8.20.43-PM-1.jpeg\",\"contentUrl\":\"https:\/\/fr.colaw.uobaghdad.edu.iq\/wp-content\/uploads\/sites\/102\/2025\/11\/WhatsApp-Image-2025-11-27-at-8.20.43-PM-1.jpeg\",\"width\":1600,\"height\":899},{\"@type\":\"BreadcrumbList\",\"@id\":\"https:\/\/fr.colaw.uobaghdad.edu.iq\/?p=5135#breadcrumb\",\"itemListElement\":[{\"@type\":\"ListItem\",\"position\":1,\"name\":\"Home\",\"item\":\"https:\/\/fr.colaw.uobaghdad.edu.iq\/\"},{\"@type\":\"ListItem\",\"position\":2,\"name\":\"La Facult\u00e9 de Droit \u2013 Universit\u00e9 de Bagdad organise un s\u00e9minaire intitul\u00e9 : \u00ab La justice constitutionnelle en Irak entre abstention et inconstitutionnalit\u00e9 \u00bb\"}]},{\"@type\":\"WebSite\",\"@id\":\"https:\/\/fr.colaw.uobaghdad.edu.iq\/#website\",\"url\":\"https:\/\/fr.colaw.uobaghdad.edu.iq\/\",\"name\":\"Facult\u00e9 de droit\",\"description\":\"Universit\u00e9 de Bagdad\",\"publisher\":{\"@id\":\"https:\/\/fr.colaw.uobaghdad.edu.iq\/#organization\"},\"potentialAction\":[{\"@type\":\"SearchAction\",\"target\":{\"@type\":\"EntryPoint\",\"urlTemplate\":\"https:\/\/fr.colaw.uobaghdad.edu.iq\/?s={search_term_string}\"},\"query-input\":{\"@type\":\"PropertyValueSpecification\",\"valueRequired\":true,\"valueName\":\"search_term_string\"}}],\"inLanguage\":\"en-US\"},{\"@type\":\"Organization\",\"@id\":\"https:\/\/fr.colaw.uobaghdad.edu.iq\/#organization\",\"name\":\"Facult\u00e9 de droit\",\"url\":\"https:\/\/fr.colaw.uobaghdad.edu.iq\/\",\"logo\":{\"@type\":\"ImageObject\",\"inLanguage\":\"en-US\",\"@id\":\"https:\/\/fr.colaw.uobaghdad.edu.iq\/#\/schema\/logo\/image\/\",\"url\":\"https:\/\/fr.colaw.uobaghdad.edu.iq\/wp-content\/uploads\/sites\/102\/2024\/05\/WhatsApp-Image-2022-06-10-at-9.png\",\"contentUrl\":\"https:\/\/fr.colaw.uobaghdad.edu.iq\/wp-content\/uploads\/sites\/102\/2024\/05\/WhatsApp-Image-2022-06-10-at-9.png\",\"width\":874,\"height\":874,\"caption\":\"Facult\u00e9 de droit\"},\"image\":{\"@id\":\"https:\/\/fr.colaw.uobaghdad.edu.iq\/#\/schema\/logo\/image\/\"},\"sameAs\":[\"https:\/\/www.facebook.com\/people\/---\/100076342836611\/\",\"https:\/\/www.instagram.com\/baghdadlaw1908\/\",\"https:\/\/www.youtube.com\/@user-zq8ok2ib8f\/featured\",\"https:\/\/www.linkedin.com\/company\/---\/\"]},{\"@type\":\"Person\",\"@id\":\"https:\/\/fr.colaw.uobaghdad.edu.iq\/#\/schema\/person\/a169696ed2cffa6f2e6a3475ecb2d626\",\"name\":\"lamia\",\"image\":{\"@type\":\"ImageObject\",\"inLanguage\":\"en-US\",\"@id\":\"https:\/\/fr.colaw.uobaghdad.edu.iq\/#\/schema\/person\/image\/\",\"url\":\"https:\/\/secure.gravatar.com\/avatar\/96ccc437a680f3eff96c258a3d1ff5a8111098f608084109b03a339ce7cc8ba7?s=96&d=mm&r=g\",\"contentUrl\":\"https:\/\/secure.gravatar.com\/avatar\/96ccc437a680f3eff96c258a3d1ff5a8111098f608084109b03a339ce7cc8ba7?s=96&d=mm&r=g\",\"caption\":\"lamia\"},\"url\":\"https:\/\/fr.colaw.uobaghdad.edu.iq\/?author=133\"}]}<\/script>\n<!-- \/ Yoast SEO plugin. -->","yoast_head_json":{"title":"La Facult\u00e9 de Droit \u2013 Universit\u00e9 de Bagdad organise un s\u00e9minaire intitul\u00e9 : \u00ab La justice constitutionnelle en Irak entre abstention et inconstitutionnalit\u00e9 \u00bb - Facult\u00e9 de droit","robots":{"index":"index","follow":"follow","max-snippet":"max-snippet:-1","max-image-preview":"max-image-preview:large","max-video-preview":"max-video-preview:-1"},"canonical":"https:\/\/fr.colaw.uobaghdad.edu.iq\/?p=5135","og_locale":"en_US","og_type":"article","og_title":"La Facult\u00e9 de Droit \u2013 Universit\u00e9 de Bagdad organise un s\u00e9minaire intitul\u00e9 : \u00ab La justice constitutionnelle en Irak entre abstention et inconstitutionnalit\u00e9 \u00bb - Facult\u00e9 de droit","og_description":"[vc_row][vc_column][vc_column_text] Le D\u00e9partement de droit public de la Facult\u00e9 de droit \u2013 Universit\u00e9 de Bagdad a organis\u00e9 un s\u00e9minaire scientifique ... more","og_url":"https:\/\/fr.colaw.uobaghdad.edu.iq\/?p=5135","og_site_name":"Facult\u00e9 de droit","article_publisher":"https:\/\/www.facebook.com\/people\/---\/100076342836611\/","article_published_time":"2025-11-30T18:56:24+00:00","og_image":[{"width":1600,"height":899,"url":"https:\/\/fr.colaw.uobaghdad.edu.iq\/wp-content\/uploads\/sites\/102\/2025\/11\/WhatsApp-Image-2025-11-27-at-8.20.43-PM-1.jpeg","type":"image\/jpeg"}],"author":"lamia","twitter_card":"summary_large_image","twitter_misc":{"Written by":"lamia","Est. reading time":"1 minute"},"schema":{"@context":"https:\/\/schema.org","@graph":[{"@type":"Article","@id":"https:\/\/fr.colaw.uobaghdad.edu.iq\/?p=5135#article","isPartOf":{"@id":"https:\/\/fr.colaw.uobaghdad.edu.iq\/?p=5135"},"author":{"name":"lamia","@id":"https:\/\/fr.colaw.uobaghdad.edu.iq\/#\/schema\/person\/a169696ed2cffa6f2e6a3475ecb2d626"},"headline":"La Facult\u00e9 de Droit \u2013 Universit\u00e9 de Bagdad organise un s\u00e9minaire intitul\u00e9 : \u00ab La justice constitutionnelle en Irak entre abstention et inconstitutionnalit\u00e9 \u00bb","datePublished":"2025-11-30T18:56:24+00:00","mainEntityOfPage":{"@id":"https:\/\/fr.colaw.uobaghdad.edu.iq\/?p=5135"},"wordCount":210,"publisher":{"@id":"https:\/\/fr.colaw.uobaghdad.edu.iq\/#organization"},"image":{"@id":"https:\/\/fr.colaw.uobaghdad.edu.iq\/?p=5135#primaryimage"},"thumbnailUrl":"https:\/\/fr.colaw.uobaghdad.edu.iq\/wp-content\/uploads\/sites\/102\/2025\/11\/WhatsApp-Image-2025-11-27-at-8.20.43-PM-1.jpeg","articleSection":["Activit\u00e9s de la branche de droit public","Actualit\u00e9s"],"inLanguage":"en-US"},{"@type":"WebPage","@id":"https:\/\/fr.colaw.uobaghdad.edu.iq\/?p=5135","url":"https:\/\/fr.colaw.uobaghdad.edu.iq\/?p=5135","name":"La Facult\u00e9 de Droit \u2013 Universit\u00e9 de Bagdad organise un s\u00e9minaire intitul\u00e9 : \u00ab La justice constitutionnelle en Irak entre abstention et inconstitutionnalit\u00e9 \u00bb - Facult\u00e9 de droit","isPartOf":{"@id":"https:\/\/fr.colaw.uobaghdad.edu.iq\/#website"},"primaryImageOfPage":{"@id":"https:\/\/fr.colaw.uobaghdad.edu.iq\/?p=5135#primaryimage"},"image":{"@id":"https:\/\/fr.colaw.uobaghdad.edu.iq\/?p=5135#primaryimage"},"thumbnailUrl":"https:\/\/fr.colaw.uobaghdad.edu.iq\/wp-content\/uploads\/sites\/102\/2025\/11\/WhatsApp-Image-2025-11-27-at-8.20.43-PM-1.jpeg","datePublished":"2025-11-30T18:56:24+00:00","breadcrumb":{"@id":"https:\/\/fr.colaw.uobaghdad.edu.iq\/?p=5135#breadcrumb"},"inLanguage":"en-US","potentialAction":[{"@type":"ReadAction","target":["https:\/\/fr.colaw.uobaghdad.edu.iq\/?p=5135"]}]},{"@type":"ImageObject","inLanguage":"en-US","@id":"https:\/\/fr.colaw.uobaghdad.edu.iq\/?p=5135#primaryimage","url":"https:\/\/fr.colaw.uobaghdad.edu.iq\/wp-content\/uploads\/sites\/102\/2025\/11\/WhatsApp-Image-2025-11-27-at-8.20.43-PM-1.jpeg","contentUrl":"https:\/\/fr.colaw.uobaghdad.edu.iq\/wp-content\/uploads\/sites\/102\/2025\/11\/WhatsApp-Image-2025-11-27-at-8.20.43-PM-1.jpeg","width":1600,"height":899},{"@type":"BreadcrumbList","@id":"https:\/\/fr.colaw.uobaghdad.edu.iq\/?p=5135#breadcrumb","itemListElement":[{"@type":"ListItem","position":1,"name":"Home","item":"https:\/\/fr.colaw.uobaghdad.edu.iq\/"},{"@type":"ListItem","position":2,"name":"La Facult\u00e9 de Droit \u2013 Universit\u00e9 de Bagdad organise un s\u00e9minaire intitul\u00e9 : \u00ab La justice constitutionnelle en Irak entre abstention et inconstitutionnalit\u00e9 \u00bb"}]},{"@type":"WebSite","@id":"https:\/\/fr.colaw.uobaghdad.edu.iq\/#website","url":"https:\/\/fr.colaw.uobaghdad.edu.iq\/","name":"Facult\u00e9 de droit","description":"Universit\u00e9 de Bagdad","publisher":{"@id":"https:\/\/fr.colaw.uobaghdad.edu.iq\/#organization"},"potentialAction":[{"@type":"SearchAction","target":{"@type":"EntryPoint","urlTemplate":"https:\/\/fr.colaw.uobaghdad.edu.iq\/?s={search_term_string}"},"query-input":{"@type":"PropertyValueSpecification","valueRequired":true,"valueName":"search_term_string"}}],"inLanguage":"en-US"},{"@type":"Organization","@id":"https:\/\/fr.colaw.uobaghdad.edu.iq\/#organization","name":"Facult\u00e9 de droit","url":"https:\/\/fr.colaw.uobaghdad.edu.iq\/","logo":{"@type":"ImageObject","inLanguage":"en-US","@id":"https:\/\/fr.colaw.uobaghdad.edu.iq\/#\/schema\/logo\/image\/","url":"https:\/\/fr.colaw.uobaghdad.edu.iq\/wp-content\/uploads\/sites\/102\/2024\/05\/WhatsApp-Image-2022-06-10-at-9.png","contentUrl":"https:\/\/fr.colaw.uobaghdad.edu.iq\/wp-content\/uploads\/sites\/102\/2024\/05\/WhatsApp-Image-2022-06-10-at-9.png","width":874,"height":874,"caption":"Facult\u00e9 de droit"},"image":{"@id":"https:\/\/fr.colaw.uobaghdad.edu.iq\/#\/schema\/logo\/image\/"},"sameAs":["https:\/\/www.facebook.com\/people\/---\/100076342836611\/","https:\/\/www.instagram.com\/baghdadlaw1908\/","https:\/\/www.youtube.com\/@user-zq8ok2ib8f\/featured","https:\/\/www.linkedin.com\/company\/---\/"]},{"@type":"Person","@id":"https:\/\/fr.colaw.uobaghdad.edu.iq\/#\/schema\/person\/a169696ed2cffa6f2e6a3475ecb2d626","name":"lamia","image":{"@type":"ImageObject","inLanguage":"en-US","@id":"https:\/\/fr.colaw.uobaghdad.edu.iq\/#\/schema\/person\/image\/","url":"https:\/\/secure.gravatar.com\/avatar\/96ccc437a680f3eff96c258a3d1ff5a8111098f608084109b03a339ce7cc8ba7?s=96&d=mm&r=g","contentUrl":"https:\/\/secure.gravatar.com\/avatar\/96ccc437a680f3eff96c258a3d1ff5a8111098f608084109b03a339ce7cc8ba7?s=96&d=mm&r=g","caption":"lamia"},"url":"https:\/\/fr.colaw.uobaghdad.edu.iq\/?author=133"}]}},"modified_by":"lamia","_links":{"self":[{"href":"https:\/\/fr.colaw.uobaghdad.edu.iq\/index.php?rest_route=\/wp\/v2\/posts\/5135","targetHints":{"allow":["GET"]}}],"collection":[{"href":"https:\/\/fr.colaw.uobaghdad.edu.iq\/index.php?rest_route=\/wp\/v2\/posts"}],"about":[{"href":"https:\/\/fr.colaw.uobaghdad.edu.iq\/index.php?rest_route=\/wp\/v2\/types\/post"}],"author":[{"embeddable":true,"href":"https:\/\/fr.colaw.uobaghdad.edu.iq\/index.php?rest_route=\/wp\/v2\/users\/133"}],"replies":[{"embeddable":true,"href":"https:\/\/fr.colaw.uobaghdad.edu.iq\/index.php?rest_route=%2Fwp%2Fv2%2Fcomments&post=5135"}],"version-history":[{"count":1,"href":"https:\/\/fr.colaw.uobaghdad.edu.iq\/index.php?rest_route=\/wp\/v2\/posts\/5135\/revisions"}],"predecessor-version":[{"id":5140,"href":"https:\/\/fr.colaw.uobaghdad.edu.iq\/index.php?rest_route=\/wp\/v2\/posts\/5135\/revisions\/5140"}],"wp:featuredmedia":[{"embeddable":true,"href":"https:\/\/fr.colaw.uobaghdad.edu.iq\/index.php?rest_route=\/wp\/v2\/media\/5137"}],"wp:attachment":[{"href":"https:\/\/fr.colaw.uobaghdad.edu.iq\/index.php?rest_route=%2Fwp%2Fv2%2Fmedia&parent=5135"}],"wp:term":[{"taxonomy":"category","embeddable":true,"href":"https:\/\/fr.colaw.uobaghdad.edu.iq\/index.php?rest_route=%2Fwp%2Fv2%2Fcategories&post=5135"},{"taxonomy":"post_tag","embeddable":true,"href":"https:\/\/fr.colaw.uobaghdad.edu.iq\/index.php?rest_route=%2Fwp%2Fv2%2Ftags&post=5135"}],"curies":[{"name":"wp","href":"https:\/\/api.w.org\/{rel}","templated":true}]}}