{"id":5061,"date":"2025-11-25T19:20:03","date_gmt":"2025-11-25T19:20:03","guid":{"rendered":"https:\/\/fr.colaw.uobaghdad.edu.iq\/?p=5061"},"modified":"2025-11-25T19:20:03","modified_gmt":"2025-11-25T19:20:03","slug":"la-faculte-de-droit-de-luniversite-de-bagdad-organise-un-seminaire-sur-les-droits-de-la-femme-travailleuse-dans-le-droit-du-travail-irakien","status":"publish","type":"post","link":"https:\/\/fr.colaw.uobaghdad.edu.iq\/?p=5061","title":{"rendered":"La Facult\u00e9 de Droit de l\u2019Universit\u00e9 de Bagdad organise un s\u00e9minaire sur les droits de la femme travailleuse dans le droit du travail irakien."},"content":{"rendered":"<div class=\"wpb-content-wrapper\"><p>[vc_row][vc_column][vc_column_text]<\/p>\n<p style=\"text-align: justify;\"><span style=\"font-family: 'Times New Roman'; font-size: 18px;\"><strong>L\u2019Unit\u00e9 des affaires f\u00e9minines de la Facult\u00e9 de Droit \u2013 Universit\u00e9 de Bagdad, en collaboration avec celle de la Facult\u00e9 d\u2019Ing\u00e9nierie, a organis\u00e9 un s\u00e9minaire intitul\u00e9e :<\/strong><\/span><br \/>\n<span style=\"font-family: 'Times New Roman'; font-size: 18px;\"><strong>\u00ab Les droits de la femme travailleuse dans la l\u00e9gislation irakienne du travail et les amendements propos\u00e9s pour les renforcer \u00bb, pr\u00e9sent\u00e9e par Dr. Rabab Khalil Ibrahim et Dr. Ilham Ali Baaywi, le 24 novembre 2025.<\/strong><\/span><\/p>\n<p style=\"text-align: justify;\"><span style=\"font-family: 'Times New Roman'; font-size: 18px;\"><strong>Le s\u00e9minaire visait \u00e0 renforcer la protection juridique et sociale des femmes travailleuses et \u00e0 garantir un environnement professionnel s\u00fbr et \u00e9quitable favorisant leur participation \u00e9conomique.<\/strong><\/span><\/p>\n<p style=\"text-align: justify;\"><span style=\"font-family: 'Times New Roman'; font-size: 18px;\"><strong>Elle a abord\u00e9 deux axes principaux :<\/strong><\/span><br \/>\n<span style=\"font-family: 'Times New Roman'; font-size: 18px;\"><strong>\u2022 Le premier : pr\u00e9sentation de la Loi du travail irakienne n\u00b037 (2015) et des droits qu\u2019elle accorde aux femmes (protection de la maternit\u00e9, cong\u00e9 de grossesse et d\u2019accouchement, interdiction de la discrimination et du harc\u00e8lement).<\/strong><\/span><br \/>\n<span style=\"font-family: 'Times New Roman'; font-size: 18px;\"><strong>\u2022 Le second : les amendements propos\u00e9s, tels que le renforcement des sanctions contre la discrimination et le harc\u00e8lement, l\u2019am\u00e9lioration des m\u00e9canismes de plainte, l\u2019introduction de dispositions contre la violence bas\u00e9e sur le genre et l\u2019augmentation de certains cong\u00e9s pay\u00e9s.<\/strong><\/span><\/p>\n<p style=\"text-align: justify;\"><span style=\"font-family: 'Times New Roman'; font-size: 18px;\"><strong>Les principales recommandations :<\/strong><\/span><br \/>\n<span style=\"font-family: 'Times New Roman'; font-size: 18px;\"><strong>1. Abroger l\u2019article 93 qui exclut certaines femmes de la protection l\u00e9gale lorsqu\u2019elles travaillent sous la direction d\u2019un membre de leur famille.<\/strong><\/span><br \/>\n<span style=\"font-family: 'Times New Roman'; font-size: 18px;\"><strong>2. Durcir les sanctions contre les employeurs violant les dispositions relatives \u00e0 la protection des femmes et des enfants.<\/strong><\/span><br \/>\n<span style=\"font-family: 'Times New Roman'; font-size: 18px;\"><strong>3. Modifier l\u2019article 91\/2 pour accorder davantage de jours d\u2019absence afin de soigner un enfant malade, sans les limiter \u00e0 trois jours.<\/strong><\/span><br \/>\n<span style=\"font-family: 'Times New Roman'; font-size: 18px;\"><strong>4. \u00c9tablir une liste claire des travaux dangereux, applicable \u00e0 toutes les femmes, sans exception.<\/strong><\/span><\/p>\n<p>\u00a0[\/vc_column_text][\/vc_column][\/vc_row][vc_row][vc_column]<div id=\"cz_62835\" class=\"cz_grid_p cz_62835\"><div class=\"cz_grid cz_grid_1 clr cz_grid_c1 cz_grid_l1 cz_grid_1_no_title cz_grid_1_mid tac\"><div class=\"cz_grid_item cz_grid_first\"><\/div><div class=\"cz_grid_item \"><div data-title=\"WhatsApp-Image-2025-11-24-at-11.18.37-AM-1200x500\"><a class=\"cz_grid_link \" href=\"https:\/\/fr.colaw.uobaghdad.edu.iq\/wp-content\/uploads\/sites\/102\/2025\/11\/WhatsApp-Image-2025-11-24-at-11.18.37-AM-1200x500-1.jpeg\" data-xtra-lightbox><img loading=\"lazy\" decoding=\"async\" width=\"1200\" height=\"500\" src=\"https:\/\/fr.colaw.uobaghdad.edu.iq\/wp-content\/uploads\/sites\/102\/2025\/11\/WhatsApp-Image-2025-11-24-at-11.18.37-AM-1200x500-1.jpeg\" class=\"attachment-codevz_1200_500\" alt=\"\" title=\"WhatsApp-Image-2025-11-24-at-11.18.37-AM-1200x500\" srcset=\"https:\/\/fr.colaw.uobaghdad.edu.iq\/wp-content\/uploads\/sites\/102\/2025\/11\/WhatsApp-Image-2025-11-24-at-11.18.37-AM-1200x500-1.jpeg 1200w, https:\/\/fr.colaw.uobaghdad.edu.iq\/wp-content\/uploads\/sites\/102\/2025\/11\/WhatsApp-Image-2025-11-24-at-11.18.37-AM-1200x500-1-300x125.jpeg 300w, https:\/\/fr.colaw.uobaghdad.edu.iq\/wp-content\/uploads\/sites\/102\/2025\/11\/WhatsApp-Image-2025-11-24-at-11.18.37-AM-1200x500-1-1024x427.jpeg 1024w, https:\/\/fr.colaw.uobaghdad.edu.iq\/wp-content\/uploads\/sites\/102\/2025\/11\/WhatsApp-Image-2025-11-24-at-11.18.37-AM-1200x500-1-768x320.jpeg 768w, https:\/\/fr.colaw.uobaghdad.edu.iq\/wp-content\/uploads\/sites\/102\/2025\/11\/WhatsApp-Image-2025-11-24-at-11.18.37-AM-1200x500-1-600x250.jpeg 600w\" sizes=\"auto, (max-width: 1200px) 100vw, 1200px\" \/><div class=\"cz_grid_details\"><i class=\"fa fa-search cz_grid_icon\"><\/i><\/div><\/a><\/div><\/div><\/div><\/div>[\/vc_column][\/vc_row]<\/p>\n<\/div>","protected":false},"excerpt":{"rendered":"<p>[vc_row][vc_column][vc_column_text] L\u2019Unit\u00e9 des affaires f\u00e9minines de la Facult\u00e9 de Droit \u2013 Universit\u00e9 de Bagdad, en collaboration avec celle de la &#8230; <a class=\"cz_readmore cz_readmore_no_icon\" href=\"https:\/\/fr.colaw.uobaghdad.edu.iq\/?p=5061\"><span>more<\/span><\/a><\/p>\n","protected":false},"author":133,"featured_media":5063,"comment_status":"closed","ping_status":"open","sticky":false,"template":"","format":"standard","meta":{"_lmt_disableupdate":"","_lmt_disable":"","footnotes":""},"categories":[7,11],"tags":[],"class_list":["post-5061","post","type-post","status-publish","format-standard","has-post-thumbnail","hentry","category-activites-de-la-branche-de-droit-public","category-actualites"],"yoast_head":"<!-- This site is optimized with the Yoast SEO plugin v25.8 - https:\/\/yoast.com\/wordpress\/plugins\/seo\/ -->\n<title>La Facult\u00e9 de Droit de l\u2019Universit\u00e9 de Bagdad organise un s\u00e9minaire sur les droits de la femme travailleuse dans le droit du travail irakien. - Facult\u00e9 de droit<\/title>\n<meta name=\"robots\" content=\"index, follow, max-snippet:-1, max-image-preview:large, max-video-preview:-1\" \/>\n<link rel=\"canonical\" href=\"https:\/\/fr.colaw.uobaghdad.edu.iq\/?p=5061\" \/>\n<meta property=\"og:locale\" content=\"en_US\" \/>\n<meta property=\"og:type\" content=\"article\" \/>\n<meta property=\"og:title\" content=\"La Facult\u00e9 de Droit de l\u2019Universit\u00e9 de Bagdad organise un s\u00e9minaire sur les droits de la femme travailleuse dans le droit du travail irakien. - Facult\u00e9 de droit\" \/>\n<meta property=\"og:description\" content=\"[vc_row][vc_column][vc_column_text] L\u2019Unit\u00e9 des affaires f\u00e9minines de la Facult\u00e9 de Droit \u2013 Universit\u00e9 de Bagdad, en collaboration avec celle de la ... more\" \/>\n<meta property=\"og:url\" content=\"https:\/\/fr.colaw.uobaghdad.edu.iq\/?p=5061\" \/>\n<meta property=\"og:site_name\" content=\"Facult\u00e9 de droit\" \/>\n<meta property=\"article:publisher\" content=\"https:\/\/www.facebook.com\/people\/---\/100076342836611\/\" \/>\n<meta property=\"article:published_time\" content=\"2025-11-25T19:20:03+00:00\" \/>\n<meta property=\"og:image\" content=\"https:\/\/fr.colaw.uobaghdad.edu.iq\/wp-content\/uploads\/sites\/102\/2025\/11\/WhatsApp-Image-2025-11-24-at-11.18.36-AM.jpeg\" \/>\n\t<meta property=\"og:image:width\" content=\"1280\" \/>\n\t<meta property=\"og:image:height\" content=\"960\" \/>\n\t<meta property=\"og:image:type\" content=\"image\/jpeg\" \/>\n<meta name=\"author\" content=\"lamia\" \/>\n<meta name=\"twitter:card\" content=\"summary_large_image\" \/>\n<meta name=\"twitter:label1\" content=\"Written by\" \/>\n\t<meta name=\"twitter:data1\" content=\"lamia\" \/>\n\t<meta name=\"twitter:label2\" content=\"Est. reading time\" \/>\n\t<meta name=\"twitter:data2\" content=\"2 minutes\" \/>\n<script type=\"application\/ld+json\" class=\"yoast-schema-graph\">{\"@context\":\"https:\/\/schema.org\",\"@graph\":[{\"@type\":\"Article\",\"@id\":\"https:\/\/fr.colaw.uobaghdad.edu.iq\/?p=5061#article\",\"isPartOf\":{\"@id\":\"https:\/\/fr.colaw.uobaghdad.edu.iq\/?p=5061\"},\"author\":{\"name\":\"lamia\",\"@id\":\"https:\/\/fr.colaw.uobaghdad.edu.iq\/#\/schema\/person\/a169696ed2cffa6f2e6a3475ecb2d626\"},\"headline\":\"La Facult\u00e9 de Droit de l\u2019Universit\u00e9 de Bagdad organise un s\u00e9minaire sur les droits de la femme travailleuse dans le droit du travail irakien.\",\"datePublished\":\"2025-11-25T19:20:03+00:00\",\"mainEntityOfPage\":{\"@id\":\"https:\/\/fr.colaw.uobaghdad.edu.iq\/?p=5061\"},\"wordCount\":323,\"publisher\":{\"@id\":\"https:\/\/fr.colaw.uobaghdad.edu.iq\/#organization\"},\"image\":{\"@id\":\"https:\/\/fr.colaw.uobaghdad.edu.iq\/?p=5061#primaryimage\"},\"thumbnailUrl\":\"https:\/\/fr.colaw.uobaghdad.edu.iq\/wp-content\/uploads\/sites\/102\/2025\/11\/WhatsApp-Image-2025-11-24-at-11.18.36-AM.jpeg\",\"articleSection\":[\"Activit\u00e9s de la branche de droit public\",\"Actualit\u00e9s\"],\"inLanguage\":\"en-US\"},{\"@type\":\"WebPage\",\"@id\":\"https:\/\/fr.colaw.uobaghdad.edu.iq\/?p=5061\",\"url\":\"https:\/\/fr.colaw.uobaghdad.edu.iq\/?p=5061\",\"name\":\"La Facult\u00e9 de Droit de l\u2019Universit\u00e9 de Bagdad organise un s\u00e9minaire sur les droits de la femme travailleuse dans le droit du travail irakien. - Facult\u00e9 de droit\",\"isPartOf\":{\"@id\":\"https:\/\/fr.colaw.uobaghdad.edu.iq\/#website\"},\"primaryImageOfPage\":{\"@id\":\"https:\/\/fr.colaw.uobaghdad.edu.iq\/?p=5061#primaryimage\"},\"image\":{\"@id\":\"https:\/\/fr.colaw.uobaghdad.edu.iq\/?p=5061#primaryimage\"},\"thumbnailUrl\":\"https:\/\/fr.colaw.uobaghdad.edu.iq\/wp-content\/uploads\/sites\/102\/2025\/11\/WhatsApp-Image-2025-11-24-at-11.18.36-AM.jpeg\",\"datePublished\":\"2025-11-25T19:20:03+00:00\",\"breadcrumb\":{\"@id\":\"https:\/\/fr.colaw.uobaghdad.edu.iq\/?p=5061#breadcrumb\"},\"inLanguage\":\"en-US\",\"potentialAction\":[{\"@type\":\"ReadAction\",\"target\":[\"https:\/\/fr.colaw.uobaghdad.edu.iq\/?p=5061\"]}]},{\"@type\":\"ImageObject\",\"inLanguage\":\"en-US\",\"@id\":\"https:\/\/fr.colaw.uobaghdad.edu.iq\/?p=5061#primaryimage\",\"url\":\"https:\/\/fr.colaw.uobaghdad.edu.iq\/wp-content\/uploads\/sites\/102\/2025\/11\/WhatsApp-Image-2025-11-24-at-11.18.36-AM.jpeg\",\"contentUrl\":\"https:\/\/fr.colaw.uobaghdad.edu.iq\/wp-content\/uploads\/sites\/102\/2025\/11\/WhatsApp-Image-2025-11-24-at-11.18.36-AM.jpeg\",\"width\":1280,\"height\":960},{\"@type\":\"BreadcrumbList\",\"@id\":\"https:\/\/fr.colaw.uobaghdad.edu.iq\/?p=5061#breadcrumb\",\"itemListElement\":[{\"@type\":\"ListItem\",\"position\":1,\"name\":\"Home\",\"item\":\"https:\/\/fr.colaw.uobaghdad.edu.iq\/\"},{\"@type\":\"ListItem\",\"position\":2,\"name\":\"La Facult\u00e9 de Droit de l\u2019Universit\u00e9 de Bagdad organise un s\u00e9minaire sur les droits de la femme travailleuse dans le droit du travail irakien.\"}]},{\"@type\":\"WebSite\",\"@id\":\"https:\/\/fr.colaw.uobaghdad.edu.iq\/#website\",\"url\":\"https:\/\/fr.colaw.uobaghdad.edu.iq\/\",\"name\":\"Facult\u00e9 de droit\",\"description\":\"Universit\u00e9 de Bagdad\",\"publisher\":{\"@id\":\"https:\/\/fr.colaw.uobaghdad.edu.iq\/#organization\"},\"potentialAction\":[{\"@type\":\"SearchAction\",\"target\":{\"@type\":\"EntryPoint\",\"urlTemplate\":\"https:\/\/fr.colaw.uobaghdad.edu.iq\/?s={search_term_string}\"},\"query-input\":{\"@type\":\"PropertyValueSpecification\",\"valueRequired\":true,\"valueName\":\"search_term_string\"}}],\"inLanguage\":\"en-US\"},{\"@type\":\"Organization\",\"@id\":\"https:\/\/fr.colaw.uobaghdad.edu.iq\/#organization\",\"name\":\"Facult\u00e9 de droit\",\"url\":\"https:\/\/fr.colaw.uobaghdad.edu.iq\/\",\"logo\":{\"@type\":\"ImageObject\",\"inLanguage\":\"en-US\",\"@id\":\"https:\/\/fr.colaw.uobaghdad.edu.iq\/#\/schema\/logo\/image\/\",\"url\":\"https:\/\/fr.colaw.uobaghdad.edu.iq\/wp-content\/uploads\/sites\/102\/2024\/05\/WhatsApp-Image-2022-06-10-at-9.png\",\"contentUrl\":\"https:\/\/fr.colaw.uobaghdad.edu.iq\/wp-content\/uploads\/sites\/102\/2024\/05\/WhatsApp-Image-2022-06-10-at-9.png\",\"width\":874,\"height\":874,\"caption\":\"Facult\u00e9 de droit\"},\"image\":{\"@id\":\"https:\/\/fr.colaw.uobaghdad.edu.iq\/#\/schema\/logo\/image\/\"},\"sameAs\":[\"https:\/\/www.facebook.com\/people\/---\/100076342836611\/\",\"https:\/\/www.instagram.com\/baghdadlaw1908\/\",\"https:\/\/www.youtube.com\/@user-zq8ok2ib8f\/featured\",\"https:\/\/www.linkedin.com\/company\/---\/\"]},{\"@type\":\"Person\",\"@id\":\"https:\/\/fr.colaw.uobaghdad.edu.iq\/#\/schema\/person\/a169696ed2cffa6f2e6a3475ecb2d626\",\"name\":\"lamia\",\"image\":{\"@type\":\"ImageObject\",\"inLanguage\":\"en-US\",\"@id\":\"https:\/\/fr.colaw.uobaghdad.edu.iq\/#\/schema\/person\/image\/\",\"url\":\"https:\/\/secure.gravatar.com\/avatar\/96ccc437a680f3eff96c258a3d1ff5a8111098f608084109b03a339ce7cc8ba7?s=96&d=mm&r=g\",\"contentUrl\":\"https:\/\/secure.gravatar.com\/avatar\/96ccc437a680f3eff96c258a3d1ff5a8111098f608084109b03a339ce7cc8ba7?s=96&d=mm&r=g\",\"caption\":\"lamia\"},\"url\":\"https:\/\/fr.colaw.uobaghdad.edu.iq\/?author=133\"}]}<\/script>\n<!-- \/ Yoast SEO plugin. -->","yoast_head_json":{"title":"La Facult\u00e9 de Droit de l\u2019Universit\u00e9 de Bagdad organise un s\u00e9minaire sur les droits de la femme travailleuse dans le droit du travail irakien. - Facult\u00e9 de droit","robots":{"index":"index","follow":"follow","max-snippet":"max-snippet:-1","max-image-preview":"max-image-preview:large","max-video-preview":"max-video-preview:-1"},"canonical":"https:\/\/fr.colaw.uobaghdad.edu.iq\/?p=5061","og_locale":"en_US","og_type":"article","og_title":"La Facult\u00e9 de Droit de l\u2019Universit\u00e9 de Bagdad organise un s\u00e9minaire sur les droits de la femme travailleuse dans le droit du travail irakien. - Facult\u00e9 de droit","og_description":"[vc_row][vc_column][vc_column_text] L\u2019Unit\u00e9 des affaires f\u00e9minines de la Facult\u00e9 de Droit \u2013 Universit\u00e9 de Bagdad, en collaboration avec celle de la ... more","og_url":"https:\/\/fr.colaw.uobaghdad.edu.iq\/?p=5061","og_site_name":"Facult\u00e9 de droit","article_publisher":"https:\/\/www.facebook.com\/people\/---\/100076342836611\/","article_published_time":"2025-11-25T19:20:03+00:00","og_image":[{"width":1280,"height":960,"url":"https:\/\/fr.colaw.uobaghdad.edu.iq\/wp-content\/uploads\/sites\/102\/2025\/11\/WhatsApp-Image-2025-11-24-at-11.18.36-AM.jpeg","type":"image\/jpeg"}],"author":"lamia","twitter_card":"summary_large_image","twitter_misc":{"Written by":"lamia","Est. reading time":"2 minutes"},"schema":{"@context":"https:\/\/schema.org","@graph":[{"@type":"Article","@id":"https:\/\/fr.colaw.uobaghdad.edu.iq\/?p=5061#article","isPartOf":{"@id":"https:\/\/fr.colaw.uobaghdad.edu.iq\/?p=5061"},"author":{"name":"lamia","@id":"https:\/\/fr.colaw.uobaghdad.edu.iq\/#\/schema\/person\/a169696ed2cffa6f2e6a3475ecb2d626"},"headline":"La Facult\u00e9 de Droit de l\u2019Universit\u00e9 de Bagdad organise un s\u00e9minaire sur les droits de la femme travailleuse dans le droit du travail irakien.","datePublished":"2025-11-25T19:20:03+00:00","mainEntityOfPage":{"@id":"https:\/\/fr.colaw.uobaghdad.edu.iq\/?p=5061"},"wordCount":323,"publisher":{"@id":"https:\/\/fr.colaw.uobaghdad.edu.iq\/#organization"},"image":{"@id":"https:\/\/fr.colaw.uobaghdad.edu.iq\/?p=5061#primaryimage"},"thumbnailUrl":"https:\/\/fr.colaw.uobaghdad.edu.iq\/wp-content\/uploads\/sites\/102\/2025\/11\/WhatsApp-Image-2025-11-24-at-11.18.36-AM.jpeg","articleSection":["Activit\u00e9s de la branche de droit public","Actualit\u00e9s"],"inLanguage":"en-US"},{"@type":"WebPage","@id":"https:\/\/fr.colaw.uobaghdad.edu.iq\/?p=5061","url":"https:\/\/fr.colaw.uobaghdad.edu.iq\/?p=5061","name":"La Facult\u00e9 de Droit de l\u2019Universit\u00e9 de Bagdad organise un s\u00e9minaire sur les droits de la femme travailleuse dans le droit du travail irakien. - Facult\u00e9 de droit","isPartOf":{"@id":"https:\/\/fr.colaw.uobaghdad.edu.iq\/#website"},"primaryImageOfPage":{"@id":"https:\/\/fr.colaw.uobaghdad.edu.iq\/?p=5061#primaryimage"},"image":{"@id":"https:\/\/fr.colaw.uobaghdad.edu.iq\/?p=5061#primaryimage"},"thumbnailUrl":"https:\/\/fr.colaw.uobaghdad.edu.iq\/wp-content\/uploads\/sites\/102\/2025\/11\/WhatsApp-Image-2025-11-24-at-11.18.36-AM.jpeg","datePublished":"2025-11-25T19:20:03+00:00","breadcrumb":{"@id":"https:\/\/fr.colaw.uobaghdad.edu.iq\/?p=5061#breadcrumb"},"inLanguage":"en-US","potentialAction":[{"@type":"ReadAction","target":["https:\/\/fr.colaw.uobaghdad.edu.iq\/?p=5061"]}]},{"@type":"ImageObject","inLanguage":"en-US","@id":"https:\/\/fr.colaw.uobaghdad.edu.iq\/?p=5061#primaryimage","url":"https:\/\/fr.colaw.uobaghdad.edu.iq\/wp-content\/uploads\/sites\/102\/2025\/11\/WhatsApp-Image-2025-11-24-at-11.18.36-AM.jpeg","contentUrl":"https:\/\/fr.colaw.uobaghdad.edu.iq\/wp-content\/uploads\/sites\/102\/2025\/11\/WhatsApp-Image-2025-11-24-at-11.18.36-AM.jpeg","width":1280,"height":960},{"@type":"BreadcrumbList","@id":"https:\/\/fr.colaw.uobaghdad.edu.iq\/?p=5061#breadcrumb","itemListElement":[{"@type":"ListItem","position":1,"name":"Home","item":"https:\/\/fr.colaw.uobaghdad.edu.iq\/"},{"@type":"ListItem","position":2,"name":"La Facult\u00e9 de Droit de l\u2019Universit\u00e9 de Bagdad organise un s\u00e9minaire sur les droits de la femme travailleuse dans le droit du travail irakien."}]},{"@type":"WebSite","@id":"https:\/\/fr.colaw.uobaghdad.edu.iq\/#website","url":"https:\/\/fr.colaw.uobaghdad.edu.iq\/","name":"Facult\u00e9 de droit","description":"Universit\u00e9 de Bagdad","publisher":{"@id":"https:\/\/fr.colaw.uobaghdad.edu.iq\/#organization"},"potentialAction":[{"@type":"SearchAction","target":{"@type":"EntryPoint","urlTemplate":"https:\/\/fr.colaw.uobaghdad.edu.iq\/?s={search_term_string}"},"query-input":{"@type":"PropertyValueSpecification","valueRequired":true,"valueName":"search_term_string"}}],"inLanguage":"en-US"},{"@type":"Organization","@id":"https:\/\/fr.colaw.uobaghdad.edu.iq\/#organization","name":"Facult\u00e9 de droit","url":"https:\/\/fr.colaw.uobaghdad.edu.iq\/","logo":{"@type":"ImageObject","inLanguage":"en-US","@id":"https:\/\/fr.colaw.uobaghdad.edu.iq\/#\/schema\/logo\/image\/","url":"https:\/\/fr.colaw.uobaghdad.edu.iq\/wp-content\/uploads\/sites\/102\/2024\/05\/WhatsApp-Image-2022-06-10-at-9.png","contentUrl":"https:\/\/fr.colaw.uobaghdad.edu.iq\/wp-content\/uploads\/sites\/102\/2024\/05\/WhatsApp-Image-2022-06-10-at-9.png","width":874,"height":874,"caption":"Facult\u00e9 de droit"},"image":{"@id":"https:\/\/fr.colaw.uobaghdad.edu.iq\/#\/schema\/logo\/image\/"},"sameAs":["https:\/\/www.facebook.com\/people\/---\/100076342836611\/","https:\/\/www.instagram.com\/baghdadlaw1908\/","https:\/\/www.youtube.com\/@user-zq8ok2ib8f\/featured","https:\/\/www.linkedin.com\/company\/---\/"]},{"@type":"Person","@id":"https:\/\/fr.colaw.uobaghdad.edu.iq\/#\/schema\/person\/a169696ed2cffa6f2e6a3475ecb2d626","name":"lamia","image":{"@type":"ImageObject","inLanguage":"en-US","@id":"https:\/\/fr.colaw.uobaghdad.edu.iq\/#\/schema\/person\/image\/","url":"https:\/\/secure.gravatar.com\/avatar\/96ccc437a680f3eff96c258a3d1ff5a8111098f608084109b03a339ce7cc8ba7?s=96&d=mm&r=g","contentUrl":"https:\/\/secure.gravatar.com\/avatar\/96ccc437a680f3eff96c258a3d1ff5a8111098f608084109b03a339ce7cc8ba7?s=96&d=mm&r=g","caption":"lamia"},"url":"https:\/\/fr.colaw.uobaghdad.edu.iq\/?author=133"}]}},"modified_by":"lamia","_links":{"self":[{"href":"https:\/\/fr.colaw.uobaghdad.edu.iq\/index.php?rest_route=\/wp\/v2\/posts\/5061","targetHints":{"allow":["GET"]}}],"collection":[{"href":"https:\/\/fr.colaw.uobaghdad.edu.iq\/index.php?rest_route=\/wp\/v2\/posts"}],"about":[{"href":"https:\/\/fr.colaw.uobaghdad.edu.iq\/index.php?rest_route=\/wp\/v2\/types\/post"}],"author":[{"embeddable":true,"href":"https:\/\/fr.colaw.uobaghdad.edu.iq\/index.php?rest_route=\/wp\/v2\/users\/133"}],"replies":[{"embeddable":true,"href":"https:\/\/fr.colaw.uobaghdad.edu.iq\/index.php?rest_route=%2Fwp%2Fv2%2Fcomments&post=5061"}],"version-history":[{"count":1,"href":"https:\/\/fr.colaw.uobaghdad.edu.iq\/index.php?rest_route=\/wp\/v2\/posts\/5061\/revisions"}],"predecessor-version":[{"id":5065,"href":"https:\/\/fr.colaw.uobaghdad.edu.iq\/index.php?rest_route=\/wp\/v2\/posts\/5061\/revisions\/5065"}],"wp:featuredmedia":[{"embeddable":true,"href":"https:\/\/fr.colaw.uobaghdad.edu.iq\/index.php?rest_route=\/wp\/v2\/media\/5063"}],"wp:attachment":[{"href":"https:\/\/fr.colaw.uobaghdad.edu.iq\/index.php?rest_route=%2Fwp%2Fv2%2Fmedia&parent=5061"}],"wp:term":[{"taxonomy":"category","embeddable":true,"href":"https:\/\/fr.colaw.uobaghdad.edu.iq\/index.php?rest_route=%2Fwp%2Fv2%2Fcategories&post=5061"},{"taxonomy":"post_tag","embeddable":true,"href":"https:\/\/fr.colaw.uobaghdad.edu.iq\/index.php?rest_route=%2Fwp%2Fv2%2Ftags&post=5061"}],"curies":[{"name":"wp","href":"https:\/\/api.w.org\/{rel}","templated":true}]}}