{"id":4815,"date":"2025-10-17T14:27:55","date_gmt":"2025-10-17T14:27:55","guid":{"rendered":"https:\/\/fr.colaw.uobaghdad.edu.iq\/?p=4815"},"modified":"2025-10-17T14:27:55","modified_gmt":"2025-10-17T14:27:55","slug":"un-atelier-de-formation-sur-les-competences-en-gestion-du-temps-a-ete-organise-par-lunite-dorientation-et-demploi","status":"publish","type":"post","link":"https:\/\/fr.colaw.uobaghdad.edu.iq\/?p=4815","title":{"rendered":"Un atelier de formation sur les comp\u00e9tences en gestion du temps a \u00e9t\u00e9 organis\u00e9 par l\u2019unit\u00e9 d\u2019orientation et d\u2019emploi"},"content":{"rendered":"<div class=\"wpb-content-wrapper\"><p>[vc_row][vc_column][vc_column_text]<\/p>\n<p style=\"text-align: justify;\"><span style=\"font-family: 'Times New Roman'; font-size: 18px;\"><strong>L\u2019unit\u00e9 de formation et d\u2019emploi de la Facult\u00e9 de Droit de l\u2019Universit\u00e9 de Bagdad a organis\u00e9 un atelier intitul\u00e9 \u00ab Les comp\u00e9tences en gestion du temps \u00bb, anim\u00e9 par (Mme. Rassel Khaled Ibrahim), enseignante au d\u00e9partement de droit p\u00e9nal, en pr\u00e9sence d\u2019un groupe d\u2019\u00e9tudiants.<\/strong><\/span><\/p>\n<p style=\"text-align: justify;\"><span style=\"font-family: 'Times New Roman'; font-size: 18px;\"><strong>L\u2019atelier visait \u00e0 sensibiliser les \u00e9tudiants \u00e0 l\u2019importance de la gestion du temps et \u00e0 leur fournir des outils pratiques pour organiser leurs activit\u00e9s quotidiennes, \u00e9tablir leurs priorit\u00e9s et surmonter les pertes de temps.<\/strong><\/span><\/p>\n<p style=\"text-align: justify;\"><span style=\"font-family: 'Times New Roman'; font-size: 18px;\"><strong>Trois axes principaux ont \u00e9t\u00e9 abord\u00e9s :<\/strong><\/span><br \/>\n<span style=\"font-family: 'Times New Roman'; font-size: 18px;\"><strong>\u2022 la d\u00e9finition et l\u2019importance de la gestion du temps dans la r\u00e9alisation des objectifs ;<\/strong><\/span><br \/>\n<span style=\"font-family: 'Times New Roman'; font-size: 18px;\"><strong>\u2022 les strat\u00e9gies efficaces telles que la planification et l\u2019\u00e9quilibre entre vie professionnelle et personnelle ;<\/strong><\/span><br \/>\n<span style=\"font-family: 'Times New Roman'; font-size: 18px;\"><strong>\u2022 les principales causes de perte de temps et les moyens d\u2019y rem\u00e9dier.<\/strong><\/span><\/p>\n<p style=\"text-align: justify;\"><span style=\"font-family: 'Times New Roman'; font-size: 18px;\"><strong>L\u2019atelier s\u2019est conclu par plusieurs recommandations, notamment la fixation d\u2019objectifs quotidiens, la gestion des priorit\u00e9s et la promotion de la discipline et du respect des d\u00e9lais.<\/strong><\/span><\/p>\n<p>[\/vc_column_text][\/vc_column][\/vc_row][vc_row][vc_column]<div id=\"cz_23721\" class=\"cz_grid_p cz_23721\"><div class=\"cz_grid cz_grid_1 clr cz_grid_c2 cz_grid_l2 cz_grid_1_no_title cz_grid_1_mid tac\"><div class=\"cz_grid_item cz_grid_first\"><\/div><div class=\"cz_grid_item \"><div data-title=\"WhatsApp-Image-2025-10-15-at-12.49.17-PM-1200x500\"><a class=\"cz_grid_link \" href=\"https:\/\/fr.colaw.uobaghdad.edu.iq\/wp-content\/uploads\/sites\/102\/2025\/10\/WhatsApp-Image-2025-10-15-at-12.49.17-PM-1200x500-1.jpeg\" data-xtra-lightbox><img loading=\"lazy\" decoding=\"async\" width=\"1200\" height=\"500\" src=\"https:\/\/fr.colaw.uobaghdad.edu.iq\/wp-content\/uploads\/sites\/102\/2025\/10\/WhatsApp-Image-2025-10-15-at-12.49.17-PM-1200x500-1.jpeg\" class=\"attachment-codevz_1200_500\" alt=\"\" title=\"WhatsApp-Image-2025-10-15-at-12.49.17-PM-1200x500\" srcset=\"https:\/\/fr.colaw.uobaghdad.edu.iq\/wp-content\/uploads\/sites\/102\/2025\/10\/WhatsApp-Image-2025-10-15-at-12.49.17-PM-1200x500-1.jpeg 1200w, https:\/\/fr.colaw.uobaghdad.edu.iq\/wp-content\/uploads\/sites\/102\/2025\/10\/WhatsApp-Image-2025-10-15-at-12.49.17-PM-1200x500-1-300x125.jpeg 300w, https:\/\/fr.colaw.uobaghdad.edu.iq\/wp-content\/uploads\/sites\/102\/2025\/10\/WhatsApp-Image-2025-10-15-at-12.49.17-PM-1200x500-1-1024x427.jpeg 1024w, https:\/\/fr.colaw.uobaghdad.edu.iq\/wp-content\/uploads\/sites\/102\/2025\/10\/WhatsApp-Image-2025-10-15-at-12.49.17-PM-1200x500-1-768x320.jpeg 768w, https:\/\/fr.colaw.uobaghdad.edu.iq\/wp-content\/uploads\/sites\/102\/2025\/10\/WhatsApp-Image-2025-10-15-at-12.49.17-PM-1200x500-1-600x250.jpeg 600w\" sizes=\"auto, (max-width: 1200px) 100vw, 1200px\" \/><div class=\"cz_grid_details\"><i class=\"fa fa-search cz_grid_icon\"><\/i><\/div><\/a><\/div><\/div><div class=\"cz_grid_item \"><div data-title=\"WhatsApp-Image-2025-10-15-at-12.49.34-PM-1200x500\"><a class=\"cz_grid_link \" href=\"https:\/\/fr.colaw.uobaghdad.edu.iq\/wp-content\/uploads\/sites\/102\/2025\/10\/WhatsApp-Image-2025-10-15-at-12.49.34-PM-1200x500-1.jpeg\" data-xtra-lightbox><img loading=\"lazy\" decoding=\"async\" width=\"1200\" height=\"500\" src=\"https:\/\/fr.colaw.uobaghdad.edu.iq\/wp-content\/uploads\/sites\/102\/2025\/10\/WhatsApp-Image-2025-10-15-at-12.49.34-PM-1200x500-1.jpeg\" class=\"attachment-codevz_1200_500\" alt=\"\" title=\"WhatsApp-Image-2025-10-15-at-12.49.34-PM-1200x500\" srcset=\"https:\/\/fr.colaw.uobaghdad.edu.iq\/wp-content\/uploads\/sites\/102\/2025\/10\/WhatsApp-Image-2025-10-15-at-12.49.34-PM-1200x500-1.jpeg 1200w, https:\/\/fr.colaw.uobaghdad.edu.iq\/wp-content\/uploads\/sites\/102\/2025\/10\/WhatsApp-Image-2025-10-15-at-12.49.34-PM-1200x500-1-300x125.jpeg 300w, https:\/\/fr.colaw.uobaghdad.edu.iq\/wp-content\/uploads\/sites\/102\/2025\/10\/WhatsApp-Image-2025-10-15-at-12.49.34-PM-1200x500-1-1024x427.jpeg 1024w, https:\/\/fr.colaw.uobaghdad.edu.iq\/wp-content\/uploads\/sites\/102\/2025\/10\/WhatsApp-Image-2025-10-15-at-12.49.34-PM-1200x500-1-768x320.jpeg 768w, https:\/\/fr.colaw.uobaghdad.edu.iq\/wp-content\/uploads\/sites\/102\/2025\/10\/WhatsApp-Image-2025-10-15-at-12.49.34-PM-1200x500-1-600x250.jpeg 600w\" sizes=\"auto, (max-width: 1200px) 100vw, 1200px\" \/><div class=\"cz_grid_details\"><i class=\"fa fa-search cz_grid_icon\"><\/i><\/div><\/a><\/div><\/div><\/div><\/div>[\/vc_column][\/vc_row]<\/p>\n<\/div>","protected":false},"excerpt":{"rendered":"<p>[vc_row][vc_column][vc_column_text] L\u2019unit\u00e9 de formation et d\u2019emploi de la Facult\u00e9 de Droit de l\u2019Universit\u00e9 de Bagdad a organis\u00e9 un atelier intitul\u00e9 &#8230; <a class=\"cz_readmore cz_readmore_no_icon\" href=\"https:\/\/fr.colaw.uobaghdad.edu.iq\/?p=4815\"><span>more<\/span><\/a><\/p>\n","protected":false},"author":133,"featured_media":4817,"comment_status":"closed","ping_status":"open","sticky":false,"template":"","format":"standard","meta":{"_lmt_disableupdate":"","_lmt_disable":"","footnotes":""},"categories":[9,11],"tags":[],"class_list":["post-4815","post","type-post","status-publish","format-standard","has-post-thumbnail","hentry","category-activites-de-la-branche-de-droit-penal","category-actualites"],"yoast_head":"<!-- This site is optimized with the Yoast SEO plugin v25.8 - https:\/\/yoast.com\/wordpress\/plugins\/seo\/ -->\n<title>Un atelier de formation sur les comp\u00e9tences en gestion du temps a \u00e9t\u00e9 organis\u00e9 par l\u2019unit\u00e9 d\u2019orientation et d\u2019emploi - Facult\u00e9 de droit<\/title>\n<meta name=\"robots\" content=\"index, follow, max-snippet:-1, max-image-preview:large, max-video-preview:-1\" \/>\n<link rel=\"canonical\" href=\"https:\/\/fr.colaw.uobaghdad.edu.iq\/?p=4815\" \/>\n<meta property=\"og:locale\" content=\"en_US\" \/>\n<meta property=\"og:type\" content=\"article\" \/>\n<meta property=\"og:title\" content=\"Un atelier de formation sur les comp\u00e9tences en gestion du temps a \u00e9t\u00e9 organis\u00e9 par l\u2019unit\u00e9 d\u2019orientation et d\u2019emploi - Facult\u00e9 de droit\" \/>\n<meta property=\"og:description\" content=\"[vc_row][vc_column][vc_column_text] L\u2019unit\u00e9 de formation et d\u2019emploi de la Facult\u00e9 de Droit de l\u2019Universit\u00e9 de Bagdad a organis\u00e9 un atelier intitul\u00e9 ... more\" \/>\n<meta property=\"og:url\" content=\"https:\/\/fr.colaw.uobaghdad.edu.iq\/?p=4815\" \/>\n<meta property=\"og:site_name\" content=\"Facult\u00e9 de droit\" \/>\n<meta property=\"article:publisher\" content=\"https:\/\/www.facebook.com\/people\/---\/100076342836611\/\" \/>\n<meta property=\"article:published_time\" content=\"2025-10-17T14:27:55+00:00\" \/>\n<meta property=\"og:image\" content=\"https:\/\/fr.colaw.uobaghdad.edu.iq\/wp-content\/uploads\/sites\/102\/2025\/10\/WhatsApp-Image-2025-10-15-at-12.49.34-PM-1.jpeg\" \/>\n\t<meta property=\"og:image:width\" content=\"1600\" \/>\n\t<meta property=\"og:image:height\" content=\"899\" \/>\n\t<meta property=\"og:image:type\" content=\"image\/jpeg\" \/>\n<meta name=\"author\" content=\"lamia\" \/>\n<meta name=\"twitter:card\" content=\"summary_large_image\" \/>\n<meta name=\"twitter:label1\" content=\"Written by\" \/>\n\t<meta name=\"twitter:data1\" content=\"lamia\" \/>\n\t<meta name=\"twitter:label2\" content=\"Est. reading time\" \/>\n\t<meta name=\"twitter:data2\" content=\"2 minutes\" \/>\n<script type=\"application\/ld+json\" class=\"yoast-schema-graph\">{\"@context\":\"https:\/\/schema.org\",\"@graph\":[{\"@type\":\"Article\",\"@id\":\"https:\/\/fr.colaw.uobaghdad.edu.iq\/?p=4815#article\",\"isPartOf\":{\"@id\":\"https:\/\/fr.colaw.uobaghdad.edu.iq\/?p=4815\"},\"author\":{\"name\":\"lamia\",\"@id\":\"https:\/\/fr.colaw.uobaghdad.edu.iq\/#\/schema\/person\/a169696ed2cffa6f2e6a3475ecb2d626\"},\"headline\":\"Un atelier de formation sur les comp\u00e9tences en gestion du temps a \u00e9t\u00e9 organis\u00e9 par l\u2019unit\u00e9 d\u2019orientation et d\u2019emploi\",\"datePublished\":\"2025-10-17T14:27:55+00:00\",\"mainEntityOfPage\":{\"@id\":\"https:\/\/fr.colaw.uobaghdad.edu.iq\/?p=4815\"},\"wordCount\":229,\"publisher\":{\"@id\":\"https:\/\/fr.colaw.uobaghdad.edu.iq\/#organization\"},\"image\":{\"@id\":\"https:\/\/fr.colaw.uobaghdad.edu.iq\/?p=4815#primaryimage\"},\"thumbnailUrl\":\"https:\/\/fr.colaw.uobaghdad.edu.iq\/wp-content\/uploads\/sites\/102\/2025\/10\/WhatsApp-Image-2025-10-15-at-12.49.34-PM-1.jpeg\",\"articleSection\":[\"Activit\u00e9s de la branche de droit p\u00e9nal\",\"Actualit\u00e9s\"],\"inLanguage\":\"en-US\"},{\"@type\":\"WebPage\",\"@id\":\"https:\/\/fr.colaw.uobaghdad.edu.iq\/?p=4815\",\"url\":\"https:\/\/fr.colaw.uobaghdad.edu.iq\/?p=4815\",\"name\":\"Un atelier de formation sur les comp\u00e9tences en gestion du temps a \u00e9t\u00e9 organis\u00e9 par l\u2019unit\u00e9 d\u2019orientation et d\u2019emploi - Facult\u00e9 de droit\",\"isPartOf\":{\"@id\":\"https:\/\/fr.colaw.uobaghdad.edu.iq\/#website\"},\"primaryImageOfPage\":{\"@id\":\"https:\/\/fr.colaw.uobaghdad.edu.iq\/?p=4815#primaryimage\"},\"image\":{\"@id\":\"https:\/\/fr.colaw.uobaghdad.edu.iq\/?p=4815#primaryimage\"},\"thumbnailUrl\":\"https:\/\/fr.colaw.uobaghdad.edu.iq\/wp-content\/uploads\/sites\/102\/2025\/10\/WhatsApp-Image-2025-10-15-at-12.49.34-PM-1.jpeg\",\"datePublished\":\"2025-10-17T14:27:55+00:00\",\"breadcrumb\":{\"@id\":\"https:\/\/fr.colaw.uobaghdad.edu.iq\/?p=4815#breadcrumb\"},\"inLanguage\":\"en-US\",\"potentialAction\":[{\"@type\":\"ReadAction\",\"target\":[\"https:\/\/fr.colaw.uobaghdad.edu.iq\/?p=4815\"]}]},{\"@type\":\"ImageObject\",\"inLanguage\":\"en-US\",\"@id\":\"https:\/\/fr.colaw.uobaghdad.edu.iq\/?p=4815#primaryimage\",\"url\":\"https:\/\/fr.colaw.uobaghdad.edu.iq\/wp-content\/uploads\/sites\/102\/2025\/10\/WhatsApp-Image-2025-10-15-at-12.49.34-PM-1.jpeg\",\"contentUrl\":\"https:\/\/fr.colaw.uobaghdad.edu.iq\/wp-content\/uploads\/sites\/102\/2025\/10\/WhatsApp-Image-2025-10-15-at-12.49.34-PM-1.jpeg\",\"width\":1600,\"height\":899},{\"@type\":\"BreadcrumbList\",\"@id\":\"https:\/\/fr.colaw.uobaghdad.edu.iq\/?p=4815#breadcrumb\",\"itemListElement\":[{\"@type\":\"ListItem\",\"position\":1,\"name\":\"Home\",\"item\":\"https:\/\/fr.colaw.uobaghdad.edu.iq\/\"},{\"@type\":\"ListItem\",\"position\":2,\"name\":\"Un atelier de formation sur les comp\u00e9tences en gestion du temps a \u00e9t\u00e9 organis\u00e9 par l\u2019unit\u00e9 d\u2019orientation et d\u2019emploi\"}]},{\"@type\":\"WebSite\",\"@id\":\"https:\/\/fr.colaw.uobaghdad.edu.iq\/#website\",\"url\":\"https:\/\/fr.colaw.uobaghdad.edu.iq\/\",\"name\":\"Facult\u00e9 de droit\",\"description\":\"Universit\u00e9 de Bagdad\",\"publisher\":{\"@id\":\"https:\/\/fr.colaw.uobaghdad.edu.iq\/#organization\"},\"potentialAction\":[{\"@type\":\"SearchAction\",\"target\":{\"@type\":\"EntryPoint\",\"urlTemplate\":\"https:\/\/fr.colaw.uobaghdad.edu.iq\/?s={search_term_string}\"},\"query-input\":{\"@type\":\"PropertyValueSpecification\",\"valueRequired\":true,\"valueName\":\"search_term_string\"}}],\"inLanguage\":\"en-US\"},{\"@type\":\"Organization\",\"@id\":\"https:\/\/fr.colaw.uobaghdad.edu.iq\/#organization\",\"name\":\"Facult\u00e9 de droit\",\"url\":\"https:\/\/fr.colaw.uobaghdad.edu.iq\/\",\"logo\":{\"@type\":\"ImageObject\",\"inLanguage\":\"en-US\",\"@id\":\"https:\/\/fr.colaw.uobaghdad.edu.iq\/#\/schema\/logo\/image\/\",\"url\":\"https:\/\/fr.colaw.uobaghdad.edu.iq\/wp-content\/uploads\/sites\/102\/2024\/05\/WhatsApp-Image-2022-06-10-at-9.png\",\"contentUrl\":\"https:\/\/fr.colaw.uobaghdad.edu.iq\/wp-content\/uploads\/sites\/102\/2024\/05\/WhatsApp-Image-2022-06-10-at-9.png\",\"width\":874,\"height\":874,\"caption\":\"Facult\u00e9 de droit\"},\"image\":{\"@id\":\"https:\/\/fr.colaw.uobaghdad.edu.iq\/#\/schema\/logo\/image\/\"},\"sameAs\":[\"https:\/\/www.facebook.com\/people\/---\/100076342836611\/\",\"https:\/\/www.instagram.com\/baghdadlaw1908\/\",\"https:\/\/www.youtube.com\/@user-zq8ok2ib8f\/featured\",\"https:\/\/www.linkedin.com\/company\/---\/\"]},{\"@type\":\"Person\",\"@id\":\"https:\/\/fr.colaw.uobaghdad.edu.iq\/#\/schema\/person\/a169696ed2cffa6f2e6a3475ecb2d626\",\"name\":\"lamia\",\"image\":{\"@type\":\"ImageObject\",\"inLanguage\":\"en-US\",\"@id\":\"https:\/\/fr.colaw.uobaghdad.edu.iq\/#\/schema\/person\/image\/\",\"url\":\"https:\/\/secure.gravatar.com\/avatar\/96ccc437a680f3eff96c258a3d1ff5a8111098f608084109b03a339ce7cc8ba7?s=96&d=mm&r=g\",\"contentUrl\":\"https:\/\/secure.gravatar.com\/avatar\/96ccc437a680f3eff96c258a3d1ff5a8111098f608084109b03a339ce7cc8ba7?s=96&d=mm&r=g\",\"caption\":\"lamia\"},\"url\":\"https:\/\/fr.colaw.uobaghdad.edu.iq\/?author=133\"}]}<\/script>\n<!-- \/ Yoast SEO plugin. -->","yoast_head_json":{"title":"Un atelier de formation sur les comp\u00e9tences en gestion du temps a \u00e9t\u00e9 organis\u00e9 par l\u2019unit\u00e9 d\u2019orientation et d\u2019emploi - Facult\u00e9 de droit","robots":{"index":"index","follow":"follow","max-snippet":"max-snippet:-1","max-image-preview":"max-image-preview:large","max-video-preview":"max-video-preview:-1"},"canonical":"https:\/\/fr.colaw.uobaghdad.edu.iq\/?p=4815","og_locale":"en_US","og_type":"article","og_title":"Un atelier de formation sur les comp\u00e9tences en gestion du temps a \u00e9t\u00e9 organis\u00e9 par l\u2019unit\u00e9 d\u2019orientation et d\u2019emploi - Facult\u00e9 de droit","og_description":"[vc_row][vc_column][vc_column_text] L\u2019unit\u00e9 de formation et d\u2019emploi de la Facult\u00e9 de Droit de l\u2019Universit\u00e9 de Bagdad a organis\u00e9 un atelier intitul\u00e9 ... more","og_url":"https:\/\/fr.colaw.uobaghdad.edu.iq\/?p=4815","og_site_name":"Facult\u00e9 de droit","article_publisher":"https:\/\/www.facebook.com\/people\/---\/100076342836611\/","article_published_time":"2025-10-17T14:27:55+00:00","og_image":[{"width":1600,"height":899,"url":"https:\/\/fr.colaw.uobaghdad.edu.iq\/wp-content\/uploads\/sites\/102\/2025\/10\/WhatsApp-Image-2025-10-15-at-12.49.34-PM-1.jpeg","type":"image\/jpeg"}],"author":"lamia","twitter_card":"summary_large_image","twitter_misc":{"Written by":"lamia","Est. reading time":"2 minutes"},"schema":{"@context":"https:\/\/schema.org","@graph":[{"@type":"Article","@id":"https:\/\/fr.colaw.uobaghdad.edu.iq\/?p=4815#article","isPartOf":{"@id":"https:\/\/fr.colaw.uobaghdad.edu.iq\/?p=4815"},"author":{"name":"lamia","@id":"https:\/\/fr.colaw.uobaghdad.edu.iq\/#\/schema\/person\/a169696ed2cffa6f2e6a3475ecb2d626"},"headline":"Un atelier de formation sur les comp\u00e9tences en gestion du temps a \u00e9t\u00e9 organis\u00e9 par l\u2019unit\u00e9 d\u2019orientation et d\u2019emploi","datePublished":"2025-10-17T14:27:55+00:00","mainEntityOfPage":{"@id":"https:\/\/fr.colaw.uobaghdad.edu.iq\/?p=4815"},"wordCount":229,"publisher":{"@id":"https:\/\/fr.colaw.uobaghdad.edu.iq\/#organization"},"image":{"@id":"https:\/\/fr.colaw.uobaghdad.edu.iq\/?p=4815#primaryimage"},"thumbnailUrl":"https:\/\/fr.colaw.uobaghdad.edu.iq\/wp-content\/uploads\/sites\/102\/2025\/10\/WhatsApp-Image-2025-10-15-at-12.49.34-PM-1.jpeg","articleSection":["Activit\u00e9s de la branche de droit p\u00e9nal","Actualit\u00e9s"],"inLanguage":"en-US"},{"@type":"WebPage","@id":"https:\/\/fr.colaw.uobaghdad.edu.iq\/?p=4815","url":"https:\/\/fr.colaw.uobaghdad.edu.iq\/?p=4815","name":"Un atelier de formation sur les comp\u00e9tences en gestion du temps a \u00e9t\u00e9 organis\u00e9 par l\u2019unit\u00e9 d\u2019orientation et d\u2019emploi - Facult\u00e9 de droit","isPartOf":{"@id":"https:\/\/fr.colaw.uobaghdad.edu.iq\/#website"},"primaryImageOfPage":{"@id":"https:\/\/fr.colaw.uobaghdad.edu.iq\/?p=4815#primaryimage"},"image":{"@id":"https:\/\/fr.colaw.uobaghdad.edu.iq\/?p=4815#primaryimage"},"thumbnailUrl":"https:\/\/fr.colaw.uobaghdad.edu.iq\/wp-content\/uploads\/sites\/102\/2025\/10\/WhatsApp-Image-2025-10-15-at-12.49.34-PM-1.jpeg","datePublished":"2025-10-17T14:27:55+00:00","breadcrumb":{"@id":"https:\/\/fr.colaw.uobaghdad.edu.iq\/?p=4815#breadcrumb"},"inLanguage":"en-US","potentialAction":[{"@type":"ReadAction","target":["https:\/\/fr.colaw.uobaghdad.edu.iq\/?p=4815"]}]},{"@type":"ImageObject","inLanguage":"en-US","@id":"https:\/\/fr.colaw.uobaghdad.edu.iq\/?p=4815#primaryimage","url":"https:\/\/fr.colaw.uobaghdad.edu.iq\/wp-content\/uploads\/sites\/102\/2025\/10\/WhatsApp-Image-2025-10-15-at-12.49.34-PM-1.jpeg","contentUrl":"https:\/\/fr.colaw.uobaghdad.edu.iq\/wp-content\/uploads\/sites\/102\/2025\/10\/WhatsApp-Image-2025-10-15-at-12.49.34-PM-1.jpeg","width":1600,"height":899},{"@type":"BreadcrumbList","@id":"https:\/\/fr.colaw.uobaghdad.edu.iq\/?p=4815#breadcrumb","itemListElement":[{"@type":"ListItem","position":1,"name":"Home","item":"https:\/\/fr.colaw.uobaghdad.edu.iq\/"},{"@type":"ListItem","position":2,"name":"Un atelier de formation sur les comp\u00e9tences en gestion du temps a \u00e9t\u00e9 organis\u00e9 par l\u2019unit\u00e9 d\u2019orientation et d\u2019emploi"}]},{"@type":"WebSite","@id":"https:\/\/fr.colaw.uobaghdad.edu.iq\/#website","url":"https:\/\/fr.colaw.uobaghdad.edu.iq\/","name":"Facult\u00e9 de droit","description":"Universit\u00e9 de Bagdad","publisher":{"@id":"https:\/\/fr.colaw.uobaghdad.edu.iq\/#organization"},"potentialAction":[{"@type":"SearchAction","target":{"@type":"EntryPoint","urlTemplate":"https:\/\/fr.colaw.uobaghdad.edu.iq\/?s={search_term_string}"},"query-input":{"@type":"PropertyValueSpecification","valueRequired":true,"valueName":"search_term_string"}}],"inLanguage":"en-US"},{"@type":"Organization","@id":"https:\/\/fr.colaw.uobaghdad.edu.iq\/#organization","name":"Facult\u00e9 de droit","url":"https:\/\/fr.colaw.uobaghdad.edu.iq\/","logo":{"@type":"ImageObject","inLanguage":"en-US","@id":"https:\/\/fr.colaw.uobaghdad.edu.iq\/#\/schema\/logo\/image\/","url":"https:\/\/fr.colaw.uobaghdad.edu.iq\/wp-content\/uploads\/sites\/102\/2024\/05\/WhatsApp-Image-2022-06-10-at-9.png","contentUrl":"https:\/\/fr.colaw.uobaghdad.edu.iq\/wp-content\/uploads\/sites\/102\/2024\/05\/WhatsApp-Image-2022-06-10-at-9.png","width":874,"height":874,"caption":"Facult\u00e9 de droit"},"image":{"@id":"https:\/\/fr.colaw.uobaghdad.edu.iq\/#\/schema\/logo\/image\/"},"sameAs":["https:\/\/www.facebook.com\/people\/---\/100076342836611\/","https:\/\/www.instagram.com\/baghdadlaw1908\/","https:\/\/www.youtube.com\/@user-zq8ok2ib8f\/featured","https:\/\/www.linkedin.com\/company\/---\/"]},{"@type":"Person","@id":"https:\/\/fr.colaw.uobaghdad.edu.iq\/#\/schema\/person\/a169696ed2cffa6f2e6a3475ecb2d626","name":"lamia","image":{"@type":"ImageObject","inLanguage":"en-US","@id":"https:\/\/fr.colaw.uobaghdad.edu.iq\/#\/schema\/person\/image\/","url":"https:\/\/secure.gravatar.com\/avatar\/96ccc437a680f3eff96c258a3d1ff5a8111098f608084109b03a339ce7cc8ba7?s=96&d=mm&r=g","contentUrl":"https:\/\/secure.gravatar.com\/avatar\/96ccc437a680f3eff96c258a3d1ff5a8111098f608084109b03a339ce7cc8ba7?s=96&d=mm&r=g","caption":"lamia"},"url":"https:\/\/fr.colaw.uobaghdad.edu.iq\/?author=133"}]}},"modified_by":"lamia","_links":{"self":[{"href":"https:\/\/fr.colaw.uobaghdad.edu.iq\/index.php?rest_route=\/wp\/v2\/posts\/4815","targetHints":{"allow":["GET"]}}],"collection":[{"href":"https:\/\/fr.colaw.uobaghdad.edu.iq\/index.php?rest_route=\/wp\/v2\/posts"}],"about":[{"href":"https:\/\/fr.colaw.uobaghdad.edu.iq\/index.php?rest_route=\/wp\/v2\/types\/post"}],"author":[{"embeddable":true,"href":"https:\/\/fr.colaw.uobaghdad.edu.iq\/index.php?rest_route=\/wp\/v2\/users\/133"}],"replies":[{"embeddable":true,"href":"https:\/\/fr.colaw.uobaghdad.edu.iq\/index.php?rest_route=%2Fwp%2Fv2%2Fcomments&post=4815"}],"version-history":[{"count":1,"href":"https:\/\/fr.colaw.uobaghdad.edu.iq\/index.php?rest_route=\/wp\/v2\/posts\/4815\/revisions"}],"predecessor-version":[{"id":4820,"href":"https:\/\/fr.colaw.uobaghdad.edu.iq\/index.php?rest_route=\/wp\/v2\/posts\/4815\/revisions\/4820"}],"wp:featuredmedia":[{"embeddable":true,"href":"https:\/\/fr.colaw.uobaghdad.edu.iq\/index.php?rest_route=\/wp\/v2\/media\/4817"}],"wp:attachment":[{"href":"https:\/\/fr.colaw.uobaghdad.edu.iq\/index.php?rest_route=%2Fwp%2Fv2%2Fmedia&parent=4815"}],"wp:term":[{"taxonomy":"category","embeddable":true,"href":"https:\/\/fr.colaw.uobaghdad.edu.iq\/index.php?rest_route=%2Fwp%2Fv2%2Fcategories&post=4815"},{"taxonomy":"post_tag","embeddable":true,"href":"https:\/\/fr.colaw.uobaghdad.edu.iq\/index.php?rest_route=%2Fwp%2Fv2%2Ftags&post=4815"}],"curies":[{"name":"wp","href":"https:\/\/api.w.org\/{rel}","templated":true}]}}