{"id":1551,"date":"2023-10-30T08:39:55","date_gmt":"2023-10-30T08:39:55","guid":{"rendered":"https:\/\/fr.colaw.uobaghdad.edu.iq\/?p=1551"},"modified":"2023-10-30T08:39:55","modified_gmt":"2023-10-30T08:39:55","slug":"lunite-de-formation-continue-organise-un-seminaire-sur-la-protection-de-lenvironnement-en-droit-international-humanitaire","status":"publish","type":"post","link":"https:\/\/fr.colaw.uobaghdad.edu.iq\/?p=1551","title":{"rendered":"L&#8217;unit\u00e9 de formation continue organise un s\u00e9minaire sur la protection de l&#8217;environnement en droit international humanitaire"},"content":{"rendered":"<p style=\"text-align: justify;\"><strong><span style=\"font-size: 18px; font-family: 'Times New Roman';\">L&#8217;unit\u00e9 de formation continue de la facult\u00e9 de droit de l&#8217;universit\u00e9 de Bagdad a organis\u00e9 un s\u00e9minaire scientifique sur (La protection de l&#8217;environnement dans le droit international humanitaire), pr\u00e9sent\u00e9 par le professeur (Muhammad Ismail Juma), le dimanche 29 octobre 2023, dans la salle d&#8217;audience typique de coll\u00e8ge.<\/span><\/strong><\/p>\n<p style=\"text-align: justify;\"><strong><span style=\"font-size: 18px; font-family: 'Times New Roman';\">Le s\u00e9minaire vise \u00e0 \u00e9tablir la responsabilit\u00e9 p\u00e9nale individuelle ou la responsabilit\u00e9 pour les dispositions relatives \u00e0 la protection de l&#8217;environnement et \u00e0 sensibiliser la population civile et le personnel militaire \u00e0 l&#8217;importance de l&#8217;environnement.<\/span><\/strong><\/p>\n<p><strong><span style=\"font-size: 18px; font-family: 'Times New Roman';\">Le s\u00e9minaire comprenait plusieurs sujets, notamment l&#8217;introduction \u00e0 l&#8217;environnement, la mani\u00e8re d&#8217;influencer les conflits arm\u00e9s, les polluants environnementaux et la protection de l&#8217;environnement pendant les conflits arm\u00e9s.<\/span><\/strong><\/p>\n<p><strong><span style=\"font-size: 18px; font-family: 'Times New Roman';\">Le s\u00e9minaire a formul\u00e9 plusieurs recommandations, dont la plus importante concerne la n\u00e9cessit\u00e9 de prendre des mesures pr\u00e9ventives et d&#8217;\u00e9laborer un accord global et efficace pour prot\u00e9ger l&#8217;environnement.<\/span><\/strong><\/p>\n","protected":false},"excerpt":{"rendered":"<p>L&#8217;unit\u00e9 de formation continue de la facult\u00e9 de droit de l&#8217;universit\u00e9 de Bagdad a organis\u00e9 un s\u00e9minaire scientifique sur (La &#8230; <a class=\"cz_readmore cz_readmore_no_icon\" href=\"https:\/\/fr.colaw.uobaghdad.edu.iq\/?p=1551\"><span>more<\/span><\/a><\/p>\n","protected":false},"author":18,"featured_media":1552,"comment_status":"closed","ping_status":"open","sticky":false,"template":"","format":"standard","meta":{"_lmt_disableupdate":"","_lmt_disable":"","footnotes":""},"categories":[10,11,13],"tags":[],"class_list":["post-1551","post","type-post","status-publish","format-standard","has-post-thumbnail","hentry","category-activites-de-la-branche-de-droit-international","category-actualites","category-environnement-et-durabilite"],"yoast_head":"<!-- This site is optimized with the Yoast SEO plugin v27.7 - https:\/\/yoast.com\/product\/yoast-seo-wordpress\/ -->\n<title>L&#039;unit\u00e9 de formation continue organise un s\u00e9minaire sur la protection de l&#039;environnement en droit international humanitaire - Facult\u00e9 de droit<\/title>\n<meta name=\"robots\" content=\"index, follow, max-snippet:-1, max-image-preview:large, max-video-preview:-1\" \/>\n<link rel=\"canonical\" href=\"https:\/\/fr.colaw.uobaghdad.edu.iq\/?p=1551\" \/>\n<meta property=\"og:locale\" content=\"en_US\" \/>\n<meta property=\"og:type\" content=\"article\" \/>\n<meta property=\"og:title\" content=\"L&#039;unit\u00e9 de formation continue organise un s\u00e9minaire sur la protection de l&#039;environnement en droit international humanitaire - Facult\u00e9 de droit\" \/>\n<meta property=\"og:description\" content=\"L&#8217;unit\u00e9 de formation continue de la facult\u00e9 de droit de l&#8217;universit\u00e9 de Bagdad a organis\u00e9 un s\u00e9minaire scientifique sur (La ... more\" \/>\n<meta property=\"og:url\" content=\"https:\/\/fr.colaw.uobaghdad.edu.iq\/?p=1551\" \/>\n<meta property=\"og:site_name\" content=\"Facult\u00e9 de droit\" \/>\n<meta property=\"article:publisher\" content=\"https:\/\/www.facebook.com\/people\/---\/100076342836611\/\" \/>\n<meta property=\"article:published_time\" content=\"2023-10-30T08:39:55+00:00\" \/>\n<meta property=\"og:image\" content=\"https:\/\/fr.colaw.uobaghdad.edu.iq\/wp-content\/uploads\/sites\/102\/2023\/10\/WhatsApp-Image-2023-10-30-at-9.36.40-AM.jpeg\" \/>\n\t<meta property=\"og:image:width\" content=\"1600\" \/>\n\t<meta property=\"og:image:height\" content=\"899\" \/>\n\t<meta property=\"og:image:type\" content=\"image\/jpeg\" \/>\n<meta name=\"author\" content=\"colaw\" \/>\n<meta name=\"twitter:card\" content=\"summary_large_image\" \/>\n<meta name=\"twitter:label1\" content=\"Written by\" \/>\n\t<meta name=\"twitter:data1\" content=\"colaw\" \/>\n\t<meta name=\"twitter:label2\" content=\"Est. reading time\" \/>\n\t<meta name=\"twitter:data2\" content=\"1 minute\" \/>\n<script type=\"application\/ld+json\" class=\"yoast-schema-graph\">{\"@context\":\"https:\\\/\\\/schema.org\",\"@graph\":[{\"@type\":\"Article\",\"@id\":\"https:\\\/\\\/fr.colaw.uobaghdad.edu.iq\\\/?p=1551#article\",\"isPartOf\":{\"@id\":\"https:\\\/\\\/fr.colaw.uobaghdad.edu.iq\\\/?p=1551\"},\"author\":{\"name\":\"colaw\",\"@id\":\"https:\\\/\\\/fr.colaw.uobaghdad.edu.iq\\\/#\\\/schema\\\/person\\\/83ce81845f18bbf3aa739248bb4d8b6a\"},\"headline\":\"L&#8217;unit\u00e9 de formation continue organise un s\u00e9minaire sur la protection de l&#8217;environnement en droit international humanitaire\",\"datePublished\":\"2023-10-30T08:39:55+00:00\",\"mainEntityOfPage\":{\"@id\":\"https:\\\/\\\/fr.colaw.uobaghdad.edu.iq\\\/?p=1551\"},\"wordCount\":175,\"publisher\":{\"@id\":\"https:\\\/\\\/fr.colaw.uobaghdad.edu.iq\\\/#organization\"},\"image\":{\"@id\":\"https:\\\/\\\/fr.colaw.uobaghdad.edu.iq\\\/?p=1551#primaryimage\"},\"thumbnailUrl\":\"https:\\\/\\\/fr.colaw.uobaghdad.edu.iq\\\/wp-content\\\/uploads\\\/sites\\\/102\\\/2023\\\/10\\\/WhatsApp-Image-2023-10-30-at-9.36.40-AM.jpeg\",\"articleSection\":[\"Activit\u00e9s de la branche de droit international\",\"Actualit\u00e9s\",\"Environnement et durabilit\u00e9\"],\"inLanguage\":\"en-US\"},{\"@type\":\"WebPage\",\"@id\":\"https:\\\/\\\/fr.colaw.uobaghdad.edu.iq\\\/?p=1551\",\"url\":\"https:\\\/\\\/fr.colaw.uobaghdad.edu.iq\\\/?p=1551\",\"name\":\"L'unit\u00e9 de formation continue organise un s\u00e9minaire sur la protection de l'environnement en droit international humanitaire - Facult\u00e9 de droit\",\"isPartOf\":{\"@id\":\"https:\\\/\\\/fr.colaw.uobaghdad.edu.iq\\\/#website\"},\"primaryImageOfPage\":{\"@id\":\"https:\\\/\\\/fr.colaw.uobaghdad.edu.iq\\\/?p=1551#primaryimage\"},\"image\":{\"@id\":\"https:\\\/\\\/fr.colaw.uobaghdad.edu.iq\\\/?p=1551#primaryimage\"},\"thumbnailUrl\":\"https:\\\/\\\/fr.colaw.uobaghdad.edu.iq\\\/wp-content\\\/uploads\\\/sites\\\/102\\\/2023\\\/10\\\/WhatsApp-Image-2023-10-30-at-9.36.40-AM.jpeg\",\"datePublished\":\"2023-10-30T08:39:55+00:00\",\"breadcrumb\":{\"@id\":\"https:\\\/\\\/fr.colaw.uobaghdad.edu.iq\\\/?p=1551#breadcrumb\"},\"inLanguage\":\"en-US\",\"potentialAction\":[{\"@type\":\"ReadAction\",\"target\":[\"https:\\\/\\\/fr.colaw.uobaghdad.edu.iq\\\/?p=1551\"]}]},{\"@type\":\"ImageObject\",\"inLanguage\":\"en-US\",\"@id\":\"https:\\\/\\\/fr.colaw.uobaghdad.edu.iq\\\/?p=1551#primaryimage\",\"url\":\"https:\\\/\\\/fr.colaw.uobaghdad.edu.iq\\\/wp-content\\\/uploads\\\/sites\\\/102\\\/2023\\\/10\\\/WhatsApp-Image-2023-10-30-at-9.36.40-AM.jpeg\",\"contentUrl\":\"https:\\\/\\\/fr.colaw.uobaghdad.edu.iq\\\/wp-content\\\/uploads\\\/sites\\\/102\\\/2023\\\/10\\\/WhatsApp-Image-2023-10-30-at-9.36.40-AM.jpeg\",\"width\":1600,\"height\":899},{\"@type\":\"BreadcrumbList\",\"@id\":\"https:\\\/\\\/fr.colaw.uobaghdad.edu.iq\\\/?p=1551#breadcrumb\",\"itemListElement\":[{\"@type\":\"ListItem\",\"position\":1,\"name\":\"Home\",\"item\":\"https:\\\/\\\/fr.colaw.uobaghdad.edu.iq\\\/\"},{\"@type\":\"ListItem\",\"position\":2,\"name\":\"L&#8217;unit\u00e9 de formation continue organise un s\u00e9minaire sur la protection de l&#8217;environnement en droit international humanitaire\"}]},{\"@type\":\"WebSite\",\"@id\":\"https:\\\/\\\/fr.colaw.uobaghdad.edu.iq\\\/#website\",\"url\":\"https:\\\/\\\/fr.colaw.uobaghdad.edu.iq\\\/\",\"name\":\"Facult\u00e9 de droit\",\"description\":\"Universit\u00e9 de Bagdad\",\"publisher\":{\"@id\":\"https:\\\/\\\/fr.colaw.uobaghdad.edu.iq\\\/#organization\"},\"potentialAction\":[{\"@type\":\"SearchAction\",\"target\":{\"@type\":\"EntryPoint\",\"urlTemplate\":\"https:\\\/\\\/fr.colaw.uobaghdad.edu.iq\\\/?s={search_term_string}\"},\"query-input\":{\"@type\":\"PropertyValueSpecification\",\"valueRequired\":true,\"valueName\":\"search_term_string\"}}],\"inLanguage\":\"en-US\"},{\"@type\":\"Organization\",\"@id\":\"https:\\\/\\\/fr.colaw.uobaghdad.edu.iq\\\/#organization\",\"name\":\"Facult\u00e9 de droit\",\"url\":\"https:\\\/\\\/fr.colaw.uobaghdad.edu.iq\\\/\",\"logo\":{\"@type\":\"ImageObject\",\"inLanguage\":\"en-US\",\"@id\":\"https:\\\/\\\/fr.colaw.uobaghdad.edu.iq\\\/#\\\/schema\\\/logo\\\/image\\\/\",\"url\":\"https:\\\/\\\/fr.colaw.uobaghdad.edu.iq\\\/wp-content\\\/uploads\\\/sites\\\/102\\\/2024\\\/05\\\/WhatsApp-Image-2022-06-10-at-9.png\",\"contentUrl\":\"https:\\\/\\\/fr.colaw.uobaghdad.edu.iq\\\/wp-content\\\/uploads\\\/sites\\\/102\\\/2024\\\/05\\\/WhatsApp-Image-2022-06-10-at-9.png\",\"width\":874,\"height\":874,\"caption\":\"Facult\u00e9 de droit\"},\"image\":{\"@id\":\"https:\\\/\\\/fr.colaw.uobaghdad.edu.iq\\\/#\\\/schema\\\/logo\\\/image\\\/\"},\"sameAs\":[\"https:\\\/\\\/www.facebook.com\\\/people\\\/---\\\/100076342836611\\\/\",\"https:\\\/\\\/www.instagram.com\\\/baghdadlaw1908\\\/\",\"https:\\\/\\\/www.youtube.com\\\/@user-zq8ok2ib8f\\\/featured\",\"https:\\\/\\\/www.linkedin.com\\\/company\\\/---\\\/\"]},{\"@type\":\"Person\",\"@id\":\"https:\\\/\\\/fr.colaw.uobaghdad.edu.iq\\\/#\\\/schema\\\/person\\\/83ce81845f18bbf3aa739248bb4d8b6a\",\"name\":\"colaw\",\"image\":{\"@type\":\"ImageObject\",\"inLanguage\":\"en-US\",\"@id\":\"https:\\\/\\\/secure.gravatar.com\\\/avatar\\\/7c1b92735d8a0214b2aa3a44207ae18ff362f22d54d00cd7db3aeefbaa519d27?s=96&d=mm&r=g\",\"url\":\"https:\\\/\\\/secure.gravatar.com\\\/avatar\\\/7c1b92735d8a0214b2aa3a44207ae18ff362f22d54d00cd7db3aeefbaa519d27?s=96&d=mm&r=g\",\"contentUrl\":\"https:\\\/\\\/secure.gravatar.com\\\/avatar\\\/7c1b92735d8a0214b2aa3a44207ae18ff362f22d54d00cd7db3aeefbaa519d27?s=96&d=mm&r=g\",\"caption\":\"colaw\"},\"url\":\"https:\\\/\\\/fr.colaw.uobaghdad.edu.iq\\\/?author=18\"}]}<\/script>\n<!-- \/ Yoast SEO plugin. -->","yoast_head_json":{"title":"L'unit\u00e9 de formation continue organise un s\u00e9minaire sur la protection de l'environnement en droit international humanitaire - Facult\u00e9 de droit","robots":{"index":"index","follow":"follow","max-snippet":"max-snippet:-1","max-image-preview":"max-image-preview:large","max-video-preview":"max-video-preview:-1"},"canonical":"https:\/\/fr.colaw.uobaghdad.edu.iq\/?p=1551","og_locale":"en_US","og_type":"article","og_title":"L'unit\u00e9 de formation continue organise un s\u00e9minaire sur la protection de l'environnement en droit international humanitaire - Facult\u00e9 de droit","og_description":"L&#8217;unit\u00e9 de formation continue de la facult\u00e9 de droit de l&#8217;universit\u00e9 de Bagdad a organis\u00e9 un s\u00e9minaire scientifique sur (La ... more","og_url":"https:\/\/fr.colaw.uobaghdad.edu.iq\/?p=1551","og_site_name":"Facult\u00e9 de droit","article_publisher":"https:\/\/www.facebook.com\/people\/---\/100076342836611\/","article_published_time":"2023-10-30T08:39:55+00:00","og_image":[{"width":1600,"height":899,"url":"https:\/\/fr.colaw.uobaghdad.edu.iq\/wp-content\/uploads\/sites\/102\/2023\/10\/WhatsApp-Image-2023-10-30-at-9.36.40-AM.jpeg","type":"image\/jpeg"}],"author":"colaw","twitter_card":"summary_large_image","twitter_misc":{"Written by":"colaw","Est. reading time":"1 minute"},"schema":{"@context":"https:\/\/schema.org","@graph":[{"@type":"Article","@id":"https:\/\/fr.colaw.uobaghdad.edu.iq\/?p=1551#article","isPartOf":{"@id":"https:\/\/fr.colaw.uobaghdad.edu.iq\/?p=1551"},"author":{"name":"colaw","@id":"https:\/\/fr.colaw.uobaghdad.edu.iq\/#\/schema\/person\/83ce81845f18bbf3aa739248bb4d8b6a"},"headline":"L&#8217;unit\u00e9 de formation continue organise un s\u00e9minaire sur la protection de l&#8217;environnement en droit international humanitaire","datePublished":"2023-10-30T08:39:55+00:00","mainEntityOfPage":{"@id":"https:\/\/fr.colaw.uobaghdad.edu.iq\/?p=1551"},"wordCount":175,"publisher":{"@id":"https:\/\/fr.colaw.uobaghdad.edu.iq\/#organization"},"image":{"@id":"https:\/\/fr.colaw.uobaghdad.edu.iq\/?p=1551#primaryimage"},"thumbnailUrl":"https:\/\/fr.colaw.uobaghdad.edu.iq\/wp-content\/uploads\/sites\/102\/2023\/10\/WhatsApp-Image-2023-10-30-at-9.36.40-AM.jpeg","articleSection":["Activit\u00e9s de la branche de droit international","Actualit\u00e9s","Environnement et durabilit\u00e9"],"inLanguage":"en-US"},{"@type":"WebPage","@id":"https:\/\/fr.colaw.uobaghdad.edu.iq\/?p=1551","url":"https:\/\/fr.colaw.uobaghdad.edu.iq\/?p=1551","name":"L'unit\u00e9 de formation continue organise un s\u00e9minaire sur la protection de l'environnement en droit international humanitaire - Facult\u00e9 de droit","isPartOf":{"@id":"https:\/\/fr.colaw.uobaghdad.edu.iq\/#website"},"primaryImageOfPage":{"@id":"https:\/\/fr.colaw.uobaghdad.edu.iq\/?p=1551#primaryimage"},"image":{"@id":"https:\/\/fr.colaw.uobaghdad.edu.iq\/?p=1551#primaryimage"},"thumbnailUrl":"https:\/\/fr.colaw.uobaghdad.edu.iq\/wp-content\/uploads\/sites\/102\/2023\/10\/WhatsApp-Image-2023-10-30-at-9.36.40-AM.jpeg","datePublished":"2023-10-30T08:39:55+00:00","breadcrumb":{"@id":"https:\/\/fr.colaw.uobaghdad.edu.iq\/?p=1551#breadcrumb"},"inLanguage":"en-US","potentialAction":[{"@type":"ReadAction","target":["https:\/\/fr.colaw.uobaghdad.edu.iq\/?p=1551"]}]},{"@type":"ImageObject","inLanguage":"en-US","@id":"https:\/\/fr.colaw.uobaghdad.edu.iq\/?p=1551#primaryimage","url":"https:\/\/fr.colaw.uobaghdad.edu.iq\/wp-content\/uploads\/sites\/102\/2023\/10\/WhatsApp-Image-2023-10-30-at-9.36.40-AM.jpeg","contentUrl":"https:\/\/fr.colaw.uobaghdad.edu.iq\/wp-content\/uploads\/sites\/102\/2023\/10\/WhatsApp-Image-2023-10-30-at-9.36.40-AM.jpeg","width":1600,"height":899},{"@type":"BreadcrumbList","@id":"https:\/\/fr.colaw.uobaghdad.edu.iq\/?p=1551#breadcrumb","itemListElement":[{"@type":"ListItem","position":1,"name":"Home","item":"https:\/\/fr.colaw.uobaghdad.edu.iq\/"},{"@type":"ListItem","position":2,"name":"L&#8217;unit\u00e9 de formation continue organise un s\u00e9minaire sur la protection de l&#8217;environnement en droit international humanitaire"}]},{"@type":"WebSite","@id":"https:\/\/fr.colaw.uobaghdad.edu.iq\/#website","url":"https:\/\/fr.colaw.uobaghdad.edu.iq\/","name":"Facult\u00e9 de droit","description":"Universit\u00e9 de Bagdad","publisher":{"@id":"https:\/\/fr.colaw.uobaghdad.edu.iq\/#organization"},"potentialAction":[{"@type":"SearchAction","target":{"@type":"EntryPoint","urlTemplate":"https:\/\/fr.colaw.uobaghdad.edu.iq\/?s={search_term_string}"},"query-input":{"@type":"PropertyValueSpecification","valueRequired":true,"valueName":"search_term_string"}}],"inLanguage":"en-US"},{"@type":"Organization","@id":"https:\/\/fr.colaw.uobaghdad.edu.iq\/#organization","name":"Facult\u00e9 de droit","url":"https:\/\/fr.colaw.uobaghdad.edu.iq\/","logo":{"@type":"ImageObject","inLanguage":"en-US","@id":"https:\/\/fr.colaw.uobaghdad.edu.iq\/#\/schema\/logo\/image\/","url":"https:\/\/fr.colaw.uobaghdad.edu.iq\/wp-content\/uploads\/sites\/102\/2024\/05\/WhatsApp-Image-2022-06-10-at-9.png","contentUrl":"https:\/\/fr.colaw.uobaghdad.edu.iq\/wp-content\/uploads\/sites\/102\/2024\/05\/WhatsApp-Image-2022-06-10-at-9.png","width":874,"height":874,"caption":"Facult\u00e9 de droit"},"image":{"@id":"https:\/\/fr.colaw.uobaghdad.edu.iq\/#\/schema\/logo\/image\/"},"sameAs":["https:\/\/www.facebook.com\/people\/---\/100076342836611\/","https:\/\/www.instagram.com\/baghdadlaw1908\/","https:\/\/www.youtube.com\/@user-zq8ok2ib8f\/featured","https:\/\/www.linkedin.com\/company\/---\/"]},{"@type":"Person","@id":"https:\/\/fr.colaw.uobaghdad.edu.iq\/#\/schema\/person\/83ce81845f18bbf3aa739248bb4d8b6a","name":"colaw","image":{"@type":"ImageObject","inLanguage":"en-US","@id":"https:\/\/secure.gravatar.com\/avatar\/7c1b92735d8a0214b2aa3a44207ae18ff362f22d54d00cd7db3aeefbaa519d27?s=96&d=mm&r=g","url":"https:\/\/secure.gravatar.com\/avatar\/7c1b92735d8a0214b2aa3a44207ae18ff362f22d54d00cd7db3aeefbaa519d27?s=96&d=mm&r=g","contentUrl":"https:\/\/secure.gravatar.com\/avatar\/7c1b92735d8a0214b2aa3a44207ae18ff362f22d54d00cd7db3aeefbaa519d27?s=96&d=mm&r=g","caption":"colaw"},"url":"https:\/\/fr.colaw.uobaghdad.edu.iq\/?author=18"}]}},"modified_by":"colaw","_links":{"self":[{"href":"https:\/\/fr.colaw.uobaghdad.edu.iq\/index.php?rest_route=\/wp\/v2\/posts\/1551","targetHints":{"allow":["GET"]}}],"collection":[{"href":"https:\/\/fr.colaw.uobaghdad.edu.iq\/index.php?rest_route=\/wp\/v2\/posts"}],"about":[{"href":"https:\/\/fr.colaw.uobaghdad.edu.iq\/index.php?rest_route=\/wp\/v2\/types\/post"}],"author":[{"embeddable":true,"href":"https:\/\/fr.colaw.uobaghdad.edu.iq\/index.php?rest_route=\/wp\/v2\/users\/18"}],"replies":[{"embeddable":true,"href":"https:\/\/fr.colaw.uobaghdad.edu.iq\/index.php?rest_route=%2Fwp%2Fv2%2Fcomments&post=1551"}],"version-history":[{"count":0,"href":"https:\/\/fr.colaw.uobaghdad.edu.iq\/index.php?rest_route=\/wp\/v2\/posts\/1551\/revisions"}],"wp:featuredmedia":[{"embeddable":true,"href":"https:\/\/fr.colaw.uobaghdad.edu.iq\/index.php?rest_route=\/wp\/v2\/media\/1552"}],"wp:attachment":[{"href":"https:\/\/fr.colaw.uobaghdad.edu.iq\/index.php?rest_route=%2Fwp%2Fv2%2Fmedia&parent=1551"}],"wp:term":[{"taxonomy":"category","embeddable":true,"href":"https:\/\/fr.colaw.uobaghdad.edu.iq\/index.php?rest_route=%2Fwp%2Fv2%2Fcategories&post=1551"},{"taxonomy":"post_tag","embeddable":true,"href":"https:\/\/fr.colaw.uobaghdad.edu.iq\/index.php?rest_route=%2Fwp%2Fv2%2Ftags&post=1551"}],"curies":[{"name":"wp","href":"https:\/\/api.w.org\/{rel}","templated":true}]}}